{"id":12046,"date":"2017-06-04T00:17:31","date_gmt":"2017-06-04T00:17:31","guid":{"rendered":"https:\/\/www.vsacomunicacion.com\/lona-publicitaria-corona-en-madrid\/"},"modified":"2017-06-04T00:17:31","modified_gmt":"2017-06-04T00:17:31","slug":"lona-publicitaria-corona-en-madrid","status":"publish","type":"post","link":"https:\/\/www.vsacomunicacion.com\/en\/lona-publicitaria-corona-en-madrid\/","title":{"rendered":"Lona Publicitaria CORONA en Madrid"},"content":{"rendered":"<p style=\"text-align: justify;\">Desde <strong>VSA COMUNICACION<\/strong>, tus especialistas en publicidad exterior,\u00a0refrescamos la Gran V\u00eda de <strong>Madrid<\/strong> con una fant\u00e1stica y colorida <strong>lona publicitaria<\/strong> de la cerveza mexicana m\u00e1s vendida del mundo, <strong>CORONA<\/strong>.<\/p>\n<p style=\"text-align: justify;\"><strong>CASA CORONA<\/strong> nos<strong>\u00a0<\/strong>presenta su nuevo espacio en el espectacular jard\u00edn de la Fundaci\u00f3n Ortega y Gasset, que acoger\u00e1 un\u00a0restaurante, talleres\u00a0y un sinf\u00edn de\u00a0conciertos ac\u00fasticos.<\/p>\n<p><a href=\"https:\/\/www.vsacomunicacion.com\/wp-content\/uploads\/2017\/09\/lona-publicitaria-madrid-gran-via-54-corona-noche-vsa-comunicacion-1.jpg\" rel=\"attachment wp-att-3386\"><img fetchpriority=\"high\" decoding=\"async\" class=\"aligncenter size-full wp-image-3386\" src=\"https:\/\/www.vsacomunicacion.com\/wp-content\/uploads\/2017\/09\/lona-publicitaria-madrid-gran-via-54-corona-noche-vsa-comunicacion-1.jpg\" alt=\"lona-publicitaria-madrid-gran-via-54-corona-noche-vsa-comunicacion\" width=\"884\" height=\"626\" srcset=\"https:\/\/www.vsacomunicacion.com\/wp-content\/uploads\/2017\/09\/lona-publicitaria-madrid-gran-via-54-corona-noche-vsa-comunicacion-1.jpg 884w, https:\/\/www.vsacomunicacion.com\/wp-content\/uploads\/2017\/09\/lona-publicitaria-madrid-gran-via-54-corona-noche-vsa-comunicacion-1-300x212.jpg 300w, https:\/\/www.vsacomunicacion.com\/wp-content\/uploads\/2017\/09\/lona-publicitaria-madrid-gran-via-54-corona-noche-vsa-comunicacion-1-768x544.jpg 768w\" sizes=\"(max-width: 884px) 100vw, 884px\" \/><\/a><\/p>\n<p style=\"text-align: justify;\">Del 1 de junio al 29 de julio podr\u00e1s disfrutar de m\u00e1s de veinte conciertos con la mejor m\u00fasica en directo, yoga al aire libre, cursos y talleres, acompa\u00f1ado siempre de\u00a0una siempre apetecible y fresquita <strong>CORONA<\/strong> y\u00a0los mejores\u00a0s\u00e1ndwiches\u00a0y bocadillos especialmente elaborados\u00a0para ti.<\/p>\n<p style=\"text-align: justify;\"><strong>CASA CORONA<\/strong> es, sin duda, un oasis en plena ciudad repleto de actividades que te har\u00e1n desconectar de la rutina y no echar tanto de menos la playa. Un espacio dise\u00f1ado para sorprender y alargar el verano un poquito m\u00e1s.<\/p>\n","protected":false},"excerpt":{"rendered":"<p>Desde VSA COMUNICACION, tus especialistas en publicidad exterior,\u00a0refrescamos la Gran V\u00eda de Madrid con una fant\u00e1stica y colorida lona publicitaria de la cerveza mexicana m\u00e1s vendida del mundo, CORONA. CASA CORONA nos\u00a0presenta su nuevo espacio en el espectacular jard\u00edn de [&hellip;]<\/p>\n","protected":false},"author":3,"featured_media":7416,"comment_status":"open","ping_status":"open","sticky":false,"template":"","format":"standard","meta":{"inline_featured_image":false,"footnotes":""},"categories":[1488,1489],"tags":[1704,2218,1705,2219,1706,2220,1693,1694,1619,1609,1611,1499,1565,1585,1599,1671],"class_list":["post-12046","post","type-post","status-publish","format-standard","has-post-thumbnail","hentry","category-lonas-publicitarias-en","category-madrid-en","tag-alto-prestigio-publicitario-en","tag-casa-corona-en","tag-centro-ciudad-en","tag-corona-en","tag-emplazamiento-premium-en","tag-fundacion-ortega-y-gasset-en","tag-gran-formato-en","tag-gran-notoriedad-en","tag-gran-via-en","tag-lonas-publicitarias-2-en","tag-lonas-publicitarias-madrid-en","tag-madrid-en","tag-publicidad-ciudades-en","tag-publicidad-exterior-en","tag-publicidad-gran-formato-en","tag-trafico-rodado-en"],"_links":{"self":[{"href":"https:\/\/www.vsacomunicacion.com\/en\/wp-json\/wp\/v2\/posts\/12046"}],"collection":[{"href":"https:\/\/www.vsacomunicacion.com\/en\/wp-json\/wp\/v2\/posts"}],"about":[{"href":"https:\/\/www.vsacomunicacion.com\/en\/wp-json\/wp\/v2\/types\/post"}],"author":[{"embeddable":true,"href":"https:\/\/www.vsacomunicacion.com\/en\/wp-json\/wp\/v2\/users\/3"}],"replies":[{"embeddable":true,"href":"https:\/\/www.vsacomunicacion.com\/en\/wp-json\/wp\/v2\/comments?post=12046"}],"version-history":[{"count":0,"href":"https:\/\/www.vsacomunicacion.com\/en\/wp-json\/wp\/v2\/posts\/12046\/revisions"}],"wp:featuredmedia":[{"embeddable":true,"href":"https:\/\/www.vsacomunicacion.com\/en\/wp-json\/wp\/v2\/media\/7416"}],"wp:attachment":[{"href":"https:\/\/www.vsacomunicacion.com\/en\/wp-json\/wp\/v2\/media?parent=12046"}],"wp:term":[{"taxonomy":"category","embeddable":true,"href":"https:\/\/www.vsacomunicacion.com\/en\/wp-json\/wp\/v2\/categories?post=12046"},{"taxonomy":"post_tag","embeddable":true,"href":"https:\/\/www.vsacomunicacion.com\/en\/wp-json\/wp\/v2\/tags?post=12046"}],"curies":[{"name":"wp","href":"https:\/\/api.w.org\/{rel}","templated":true}]}}