{"id":12058,"date":"2017-05-07T15:25:46","date_gmt":"2017-05-07T15:25:46","guid":{"rendered":"https:\/\/www.vsacomunicacion.com\/circuito-de-pyms-de-ballantines-en-madrid-2\/"},"modified":"2017-05-07T15:25:46","modified_gmt":"2017-05-07T15:25:46","slug":"circuito-de-pyms-de-ballantines-en-madrid-2","status":"publish","type":"post","link":"https:\/\/www.vsacomunicacion.com\/en\/circuito-de-pyms-de-ballantines-en-madrid-2\/","title":{"rendered":"Circuito de PYM&#8217;s de BALLANTINE&#8217;s en Madrid"},"content":{"rendered":"<p style=\"text-align: justify;\">Ya est\u00e1 aqu\u00ed el <strong>BALLANTINE&#8217;S TRUE MUSIC FESTIVAL<\/strong>, la primera edici\u00f3n de un nuevo festival que se celebra los d\u00edas 9 y 10 de junio, y <strong>BALLANTINE&#8217;S<\/strong> ha llenado las calles de Madrid de anuncios en las <strong>PYM&#8217;s<\/strong> de<strong> VSA COMUNICACION<\/strong> para que nadie se pierda este espectacular evento musical.<\/p>\n<p><a href=\"https:\/\/www.vsacomunicacion.com\/wp-content\/uploads\/2017\/10\/pym-madrid-duquesa-de-parcent-2-ballantines-vsa-comunicacion.jpg\" rel=\"attachment wp-att-3520\"><img fetchpriority=\"high\" decoding=\"async\" class=\"aligncenter size-full wp-image-3520\" src=\"https:\/\/www.vsacomunicacion.com\/wp-content\/uploads\/2017\/10\/pym-madrid-duquesa-de-parcent-2-ballantines-vsa-comunicacion.jpg\" alt=\"pym-madrid-duquesa-de-parcent-2-ballantines-vsa-comunicacion\" width=\"884\" height=\"626\" srcset=\"https:\/\/www.vsacomunicacion.com\/wp-content\/uploads\/2017\/10\/pym-madrid-duquesa-de-parcent-2-ballantines-vsa-comunicacion.jpg 884w, https:\/\/www.vsacomunicacion.com\/wp-content\/uploads\/2017\/10\/pym-madrid-duquesa-de-parcent-2-ballantines-vsa-comunicacion-300x212.jpg 300w, https:\/\/www.vsacomunicacion.com\/wp-content\/uploads\/2017\/10\/pym-madrid-duquesa-de-parcent-2-ballantines-vsa-comunicacion-768x544.jpg 768w\" sizes=\"(max-width: 884px) 100vw, 884px\" \/><\/a><\/p>\n<p style=\"text-align: justify;\">Dos jornadas que permitir\u00e1n a sus miles de asistentes perderse por el centro de Madrid y dejar que la m\u00fasica de los m\u00e1s de 140 artistas que actuar\u00e1n repartidos por las 17 salas que tienen a su disposici\u00f3n, revolucionando cada rinc\u00f3n de la ciudad y viviendo una\u00a0experiencia \u00fanica donde sonar\u00e1 indie, rock, hard rock, folk, rap, electr\u00f3nica y mucho m\u00e1s.<\/p>\n<p style=\"text-align: justify;\"><a href=\"https:\/\/www.vsacomunicacion.com\/wp-content\/uploads\/2017\/10\/pym-madrid-carabias-1-ballantines-vsa-comunicacion.jpg\" rel=\"attachment wp-att-3521\"><img decoding=\"async\" class=\"aligncenter size-full wp-image-3521\" src=\"https:\/\/www.vsacomunicacion.com\/wp-content\/uploads\/2017\/10\/pym-madrid-carabias-1-ballantines-vsa-comunicacion.jpg\" alt=\"pym-madrid-carabias-1-ballantines-vsa-comunicacion\" width=\"884\" height=\"626\" srcset=\"https:\/\/www.vsacomunicacion.com\/wp-content\/uploads\/2017\/10\/pym-madrid-carabias-1-ballantines-vsa-comunicacion.jpg 884w, https:\/\/www.vsacomunicacion.com\/wp-content\/uploads\/2017\/10\/pym-madrid-carabias-1-ballantines-vsa-comunicacion-300x212.jpg 300w, https:\/\/www.vsacomunicacion.com\/wp-content\/uploads\/2017\/10\/pym-madrid-carabias-1-ballantines-vsa-comunicacion-768x544.jpg 768w\" sizes=\"(max-width: 884px) 100vw, 884px\" \/><\/a><\/p>\n<p style=\"text-align: justify;\"><strong>BALLANTINE&#8217;S TRUE MUSIC FESTIVAL\u00a0<\/strong>es un nuevo concepto de Festival que, aun siendo su primera vez, cuentan ya con artistas como\u00a0Lori Meyers,\u00a0Carlos Sadness, Dan Crioll, Agorazein,\u00a0Delorean,\u00a0Easy Kid,\u00a0Tiger &amp; Woods y Manel, y as\u00ed hasta 140!!!<\/p>\n<p>&nbsp;<\/p>\n","protected":false},"excerpt":{"rendered":"<p>Ya est\u00e1 aqu\u00ed el BALLANTINE&#8217;S TRUE MUSIC FESTIVAL, la primera edici\u00f3n de un nuevo festival que se celebra los d\u00edas 9 y 10 de junio, y BALLANTINE&#8217;S ha llenado las calles de Madrid de anuncios en las PYM&#8217;s de VSA [&hellip;]<\/p>\n","protected":false},"author":3,"featured_media":7455,"comment_status":"open","ping_status":"open","sticky":false,"template":"","format":"standard","meta":{"inline_featured_image":false,"footnotes":""},"categories":[1423],"tags":[],"class_list":["post-12058","post","type-post","status-publish","format-standard","has-post-thumbnail","hentry","category-uncategorized"],"_links":{"self":[{"href":"https:\/\/www.vsacomunicacion.com\/en\/wp-json\/wp\/v2\/posts\/12058"}],"collection":[{"href":"https:\/\/www.vsacomunicacion.com\/en\/wp-json\/wp\/v2\/posts"}],"about":[{"href":"https:\/\/www.vsacomunicacion.com\/en\/wp-json\/wp\/v2\/types\/post"}],"author":[{"embeddable":true,"href":"https:\/\/www.vsacomunicacion.com\/en\/wp-json\/wp\/v2\/users\/3"}],"replies":[{"embeddable":true,"href":"https:\/\/www.vsacomunicacion.com\/en\/wp-json\/wp\/v2\/comments?post=12058"}],"version-history":[{"count":0,"href":"https:\/\/www.vsacomunicacion.com\/en\/wp-json\/wp\/v2\/posts\/12058\/revisions"}],"wp:featuredmedia":[{"embeddable":true,"href":"https:\/\/www.vsacomunicacion.com\/en\/wp-json\/wp\/v2\/media\/7455"}],"wp:attachment":[{"href":"https:\/\/www.vsacomunicacion.com\/en\/wp-json\/wp\/v2\/media?parent=12058"}],"wp:term":[{"taxonomy":"category","embeddable":true,"href":"https:\/\/www.vsacomunicacion.com\/en\/wp-json\/wp\/v2\/categories?post=12058"},{"taxonomy":"post_tag","embeddable":true,"href":"https:\/\/www.vsacomunicacion.com\/en\/wp-json\/wp\/v2\/tags?post=12058"}],"curies":[{"name":"wp","href":"https:\/\/api.w.org\/{rel}","templated":true}]}}