{"id":12060,"date":"2017-04-18T16:33:43","date_gmt":"2017-04-18T16:33:43","guid":{"rendered":"https:\/\/www.vsacomunicacion.com\/publicidad-exterior-circuito-de-pyms-en-barcelona-del-festival-castell-de-peralada\/"},"modified":"2017-04-18T16:33:43","modified_gmt":"2017-04-18T16:33:43","slug":"publicidad-exterior-circuito-de-pyms-en-barcelona-del-festival-castell-de-peralada","status":"publish","type":"post","link":"https:\/\/www.vsacomunicacion.com\/en\/publicidad-exterior-circuito-de-pyms-en-barcelona-del-festival-castell-de-peralada\/","title":{"rendered":"Circuito de PYM&#8217;s en Barcelona del FESTIVAL CASTELL DE PERALADA"},"content":{"rendered":"<p style=\"text-align: justify;\">Estos d\u00edas podr\u00e9is ver en la ciudad de<strong> Barcelona<\/strong>, a trav\u00e9s del Circuito de <strong>Pym&#8217;s<\/strong> de <strong>VSA COMUNICACION<\/strong>, una muestra de la programaci\u00f3n que compondr\u00e1 el <strong>FESTIVAL CASTELL PERALADA<\/strong>\u00a0durante los meses de julio y agosto,\u00a0donde la \u00f3pera y la danza siguen siendo los pilares de su\u00a0identidad.<\/p>\n<p style=\"text-align: justify;\"><a href=\"https:\/\/www.vsacomunicacion.com\/wp-content\/uploads\/2017\/04\/pym-barcelona-travessera-les-corts-220-festival-castell-peralada-dia-vsa-comunicacion.jpg\" rel=\"attachment wp-att-3344\"><img fetchpriority=\"high\" decoding=\"async\" class=\"aligncenter size-full wp-image-3344\" src=\"https:\/\/www.vsacomunicacion.com\/wp-content\/uploads\/2017\/04\/pym-barcelona-travessera-les-corts-220-festival-castell-peralada-dia-vsa-comunicacion.jpg\" alt=\"pym-barcelona-travessera-les-corts-220-festival-castell-peralada-dia-vsa-comunicacion\" width=\"884\" height=\"626\" srcset=\"https:\/\/www.vsacomunicacion.com\/wp-content\/uploads\/2017\/04\/pym-barcelona-travessera-les-corts-220-festival-castell-peralada-dia-vsa-comunicacion.jpg 884w, https:\/\/www.vsacomunicacion.com\/wp-content\/uploads\/2017\/04\/pym-barcelona-travessera-les-corts-220-festival-castell-peralada-dia-vsa-comunicacion-300x212.jpg 300w, https:\/\/www.vsacomunicacion.com\/wp-content\/uploads\/2017\/04\/pym-barcelona-travessera-les-corts-220-festival-castell-peralada-dia-vsa-comunicacion-768x544.jpg 768w\" sizes=\"(max-width: 884px) 100vw, 884px\" \/><\/a><\/p>\n<p style=\"text-align: justify;\">El<strong> Festival Castillo de Peralada<\/strong> se celebra en los recintos g\u00f3ticos y renacentistas que datan de los siglos XIV y XVI del Castillo de Peralada y dispone de cuatro espacios musicales: El Auditorio Parque del Castillo, la Iglesia del Carmen, El Claustro del Carmen y la Terraza del Cotton Club. Todos ellos pueden abarcar tanto grandes como peque\u00f1as producciones, \u00f3peras de c\u00e1mara, recitales l\u00edricos o espect\u00e1culos de danza, rodeados por la muralla del Castillo en un marco incomparable.<\/p>\n<p><a href=\"https:\/\/www.vsacomunicacion.com\/wp-content\/uploads\/2017\/04\/pym-barcelona-aragon-551-festival-castell-peralada-dia-vsa-comunicacion.jpg\" rel=\"attachment wp-att-3343\"><img decoding=\"async\" class=\"aligncenter size-full wp-image-3343\" src=\"https:\/\/www.vsacomunicacion.com\/wp-content\/uploads\/2017\/04\/pym-barcelona-aragon-551-festival-castell-peralada-dia-vsa-comunicacion.jpg\" alt=\"pym-barcelona-aragon-551-festival-castell-peralada-dia-vsa-comunicacion\" width=\"884\" height=\"626\" srcset=\"https:\/\/www.vsacomunicacion.com\/wp-content\/uploads\/2017\/04\/pym-barcelona-aragon-551-festival-castell-peralada-dia-vsa-comunicacion.jpg 884w, https:\/\/www.vsacomunicacion.com\/wp-content\/uploads\/2017\/04\/pym-barcelona-aragon-551-festival-castell-peralada-dia-vsa-comunicacion-300x212.jpg 300w, https:\/\/www.vsacomunicacion.com\/wp-content\/uploads\/2017\/04\/pym-barcelona-aragon-551-festival-castell-peralada-dia-vsa-comunicacion-768x544.jpg 768w\" sizes=\"(max-width: 884px) 100vw, 884px\" \/><\/a><\/p>\n<p style=\"text-align: justify;\">El<strong> Festival Castillo de Peralada<\/strong>\u00a0fue fundado en 1987 por la vocaci\u00f3n musical de su presidenta, Carmen Mateu, y es considerado una de las manifestaciones art\u00edsticas m\u00e1s importantes de la \u00e9poca estival. Se trata de una iniciativa singular en Espa\u00f1a en cuanto al apoyo y a la difusi\u00f3n de la m\u00fasica llevada a cabo desde la iniciativa privada con vocaci\u00f3n p\u00fablica. Prueba de ello es el apoyo que dan m\u00e1s de 50 empresas que patrocinan el evento a\u00f1o tras a\u00f1o.<\/p>\n<p style=\"text-align: justify;\">La producci\u00f3n propia, la apuesta para nuevos creadores, el apoyo a compositores, las invitaciones a grandes artistas y grandes compa\u00f1\u00edas han contribuido al enriquecimiento cultural de nuestro pa\u00eds. Por lo que el Festival es, sin duda, una apuesta clara por la excelencia de las propuestas art\u00edsticas en la l\u00edrica y la danza.<\/p>\n<p>&nbsp;<\/p>\n","protected":false},"excerpt":{"rendered":"<p>Estos d\u00edas podr\u00e9is ver en la ciudad de Barcelona, a trav\u00e9s del Circuito de Pym&#8217;s de VSA COMUNICACION, una muestra de la programaci\u00f3n que compondr\u00e1 el FESTIVAL CASTELL PERALADA\u00a0durante los meses de julio y agosto,\u00a0donde la \u00f3pera y la danza [&hellip;]<\/p>\n","protected":false},"author":3,"featured_media":7407,"comment_status":"open","ping_status":"open","sticky":false,"template":"","format":"standard","meta":{"inline_featured_image":false,"footnotes":""},"categories":[1506,1593],"tags":[1516,1664,1705,1781,2229,1694,1565,1585,1586,1676,1702,1671],"class_list":["post-12060","post","type-post","status-publish","format-standard","has-post-thumbnail","hentry","category-barcelona-en","category-pyms-en","tag-barcelona-en","tag-campana-publicitaria-en","tag-centro-ciudad-en","tag-circuito-urbano-en","tag-festival-castell-peralada-en","tag-gran-notoriedad-en","tag-publicidad-ciudades-en","tag-publicidad-exterior-en","tag-publicidad-urbana-en","tag-pyms-2-en","tag-pyms-barcelona-en","tag-trafico-rodado-en"],"_links":{"self":[{"href":"https:\/\/www.vsacomunicacion.com\/en\/wp-json\/wp\/v2\/posts\/12060"}],"collection":[{"href":"https:\/\/www.vsacomunicacion.com\/en\/wp-json\/wp\/v2\/posts"}],"about":[{"href":"https:\/\/www.vsacomunicacion.com\/en\/wp-json\/wp\/v2\/types\/post"}],"author":[{"embeddable":true,"href":"https:\/\/www.vsacomunicacion.com\/en\/wp-json\/wp\/v2\/users\/3"}],"replies":[{"embeddable":true,"href":"https:\/\/www.vsacomunicacion.com\/en\/wp-json\/wp\/v2\/comments?post=12060"}],"version-history":[{"count":0,"href":"https:\/\/www.vsacomunicacion.com\/en\/wp-json\/wp\/v2\/posts\/12060\/revisions"}],"wp:featuredmedia":[{"embeddable":true,"href":"https:\/\/www.vsacomunicacion.com\/en\/wp-json\/wp\/v2\/media\/7407"}],"wp:attachment":[{"href":"https:\/\/www.vsacomunicacion.com\/en\/wp-json\/wp\/v2\/media?parent=12060"}],"wp:term":[{"taxonomy":"category","embeddable":true,"href":"https:\/\/www.vsacomunicacion.com\/en\/wp-json\/wp\/v2\/categories?post=12060"},{"taxonomy":"post_tag","embeddable":true,"href":"https:\/\/www.vsacomunicacion.com\/en\/wp-json\/wp\/v2\/tags?post=12060"}],"curies":[{"name":"wp","href":"https:\/\/api.w.org\/{rel}","templated":true}]}}