{"id":12061,"date":"2017-04-10T17:01:47","date_gmt":"2017-04-10T17:01:47","guid":{"rendered":"https:\/\/www.vsacomunicacion.com\/publicidad-exterior-lona-publicitaria-de-zadig-voltaire-en-barcelona\/"},"modified":"2017-04-10T17:01:47","modified_gmt":"2017-04-10T17:01:47","slug":"publicidad-exterior-lona-publicitaria-de-zadig-voltaire-en-barcelona","status":"publish","type":"post","link":"https:\/\/www.vsacomunicacion.com\/en\/publicidad-exterior-lona-publicitaria-de-zadig-voltaire-en-barcelona\/","title":{"rendered":"Lona Publicitaria de ZADIG &#038; VOLTAIRE en Barcelona"},"content":{"rendered":"<p style=\"text-align: justify;\"><a href=\"https:\/\/www.vsacomunicacion.com\/wp-content\/uploads\/2017\/04\/lona-publicitaria-barcelona-paseo-de-gracia-55-zadig-voltaire-vsa-comunicacion.jpg\" rel=\"attachment wp-att-3321\"><span style=\"color: #000000;\">Fant\u00e1stica campa\u00f1a de publicidad de exterior de la mano de\u00a0los apuestos hermanos Hadid present\u00e1ndonos la Colecci\u00f3n Primavera &#8211; Verano 2017 de <strong>ZADIG &amp; VOLTAIRE<\/strong> con una incre\u00edble <strong>lona publicitaria<\/strong> en el emplazamiento de <strong>VSA COMUNICACION <\/strong>ubicado en el siempre\u00a0elegante y prestigioso\u00a0Paseo de Gracia de <strong>Barcelona<\/strong>.<\/span><img fetchpriority=\"high\" decoding=\"async\" class=\"aligncenter size-full wp-image-3321\" src=\"https:\/\/www.vsacomunicacion.com\/wp-content\/uploads\/2017\/04\/lona-publicitaria-barcelona-paseo-de-gracia-55-zadig-voltaire-vsa-comunicacion.jpg\" alt=\"lona-publicitaria-barcelona-paseo-de-gracia-55-zadig-&amp;-voltaire-vsa-comunicacion\" width=\"884\" height=\"626\" srcset=\"https:\/\/www.vsacomunicacion.com\/wp-content\/uploads\/2017\/04\/lona-publicitaria-barcelona-paseo-de-gracia-55-zadig-voltaire-vsa-comunicacion.jpg 884w, https:\/\/www.vsacomunicacion.com\/wp-content\/uploads\/2017\/04\/lona-publicitaria-barcelona-paseo-de-gracia-55-zadig-voltaire-vsa-comunicacion-300x212.jpg 300w, https:\/\/www.vsacomunicacion.com\/wp-content\/uploads\/2017\/04\/lona-publicitaria-barcelona-paseo-de-gracia-55-zadig-voltaire-vsa-comunicacion-768x544.jpg 768w\" sizes=\"(max-width: 884px) 100vw, 884px\" \/><\/a><\/p>\n<p style=\"text-align: justify;\">ZADIG &amp; VOLTAIRE, desfil\u00f3, por primera vez en sus veinte a\u00f1os de historia, en la pasada New York Fashion Week, uniendo el estilo <em>chic<\/em> parisino con el estilo\u00a0<em>cool<\/em> neoyorkino junto a su musa, la cada vez m\u00e1s codiciada\u00a0modelo, Bella Hadid.<\/p>\n<p style=\"text-align: justify;\">Precisamente, Bella y su hermano menor, Anwar, son los encargados de presentarnos la Colecci\u00f3n Primavera-Verano\u00a0de la marca francesa de pr\u00eat-\u00e0-porter fundada\u00a0en 1997 por Thierry Gillier.\u00a0<a href=\"https:\/\/twitter.com\/hashtag\/thisiszadig?lang=es\" target=\"_blank\" rel=\"noopener\"><strong>ZADIG &amp; VOLTAIRE<\/strong> <\/a>es reconocida\u00a0por trabajar con lujosos materiales como la cachemira, la seda y el cuero.<\/p>\n<p style=\"text-align: justify;\">ZADIG &amp; VOLTAIRE es la encarnaci\u00f3n de un nuevo lujo: elegante y relajado.<\/p>\n<p style=\"text-align: justify;\">#thisiszadig<\/p>\n","protected":false},"excerpt":{"rendered":"<p>Fant\u00e1stica campa\u00f1a de publicidad de exterior de la mano de\u00a0los apuestos hermanos Hadid present\u00e1ndonos la Colecci\u00f3n Primavera &#8211; Verano 2017 de ZADIG &amp; VOLTAIRE con una incre\u00edble lona publicitaria en el emplazamiento de VSA COMUNICACION ubicado en el siempre\u00a0elegante y [&hellip;]<\/p>\n","protected":false},"author":3,"featured_media":7404,"comment_status":"open","ping_status":"open","sticky":false,"template":"","format":"standard","meta":{"inline_featured_image":false,"footnotes":""},"categories":[1506,1488],"tags":[2230,1704,2231,1516,2232,1664,1705,1706,1708,1694,1656,1609,1581,1666,1565,1585,1599,1671,2233],"class_list":["post-12061","post","type-post","status-publish","format-standard","has-post-thumbnail","hentry","category-barcelona-en","category-lonas-publicitarias-en","tag-thisiszadig-en","tag-alto-prestigio-publicitario-en","tag-anwar-hadid-en","tag-barcelona-en","tag-bella-hadid-en","tag-campana-publicitaria-en","tag-centro-ciudad-en","tag-emplazamiento-premium-en","tag-formato-espectacular-en","tag-gran-notoriedad-en","tag-lonas-gran-formato-en","tag-lonas-publicitarias-2-en","tag-lonas-publicitarias-barcelona-en","tag-paseo-de-gracia-en","tag-publicidad-ciudades-en","tag-publicidad-exterior-en","tag-publicidad-gran-formato-en","tag-trafico-rodado-en","tag-zadig-voltaire-en"],"_links":{"self":[{"href":"https:\/\/www.vsacomunicacion.com\/en\/wp-json\/wp\/v2\/posts\/12061"}],"collection":[{"href":"https:\/\/www.vsacomunicacion.com\/en\/wp-json\/wp\/v2\/posts"}],"about":[{"href":"https:\/\/www.vsacomunicacion.com\/en\/wp-json\/wp\/v2\/types\/post"}],"author":[{"embeddable":true,"href":"https:\/\/www.vsacomunicacion.com\/en\/wp-json\/wp\/v2\/users\/3"}],"replies":[{"embeddable":true,"href":"https:\/\/www.vsacomunicacion.com\/en\/wp-json\/wp\/v2\/comments?post=12061"}],"version-history":[{"count":0,"href":"https:\/\/www.vsacomunicacion.com\/en\/wp-json\/wp\/v2\/posts\/12061\/revisions"}],"wp:featuredmedia":[{"embeddable":true,"href":"https:\/\/www.vsacomunicacion.com\/en\/wp-json\/wp\/v2\/media\/7404"}],"wp:attachment":[{"href":"https:\/\/www.vsacomunicacion.com\/en\/wp-json\/wp\/v2\/media?parent=12061"}],"wp:term":[{"taxonomy":"category","embeddable":true,"href":"https:\/\/www.vsacomunicacion.com\/en\/wp-json\/wp\/v2\/categories?post=12061"},{"taxonomy":"post_tag","embeddable":true,"href":"https:\/\/www.vsacomunicacion.com\/en\/wp-json\/wp\/v2\/tags?post=12061"}],"curies":[{"name":"wp","href":"https:\/\/api.w.org\/{rel}","templated":true}]}}