{"id":12062,"date":"2017-04-05T16:19:57","date_gmt":"2017-04-05T16:19:57","guid":{"rendered":"https:\/\/www.vsacomunicacion.com\/publicidad-exterior-opis-campana-unicef-andorra\/"},"modified":"2017-04-05T16:19:57","modified_gmt":"2017-04-05T16:19:57","slug":"publicidad-exterior-opis-campana-unicef-andorra","status":"publish","type":"post","link":"https:\/\/www.vsacomunicacion.com\/en\/publicidad-exterior-opis-campana-unicef-andorra\/","title":{"rendered":"Opis Campa\u00f1a UNICEF ANDORRA"},"content":{"rendered":"<p style=\"text-align: justify;\">En <strong><b><span class=\"vsa-red\">VSA<\/span> COMUNICACI\u00d3N<\/b><\/strong> gestionamos de forma responsable nuestro patrimonio publicitario para contribuir de manera activa en el bienestar social, econ\u00f3mico y medioambiental: <strong>Responsabilidad Social Corporativa (RSC)<\/strong>.<\/p>\n<p style=\"text-align: justify;\">En ratificaci\u00f3n a los principios y valores que rigen la pol\u00edtica de <strong><b><span class=\"vsa-red\">VSA<\/span> COMUNICACI\u00d3N\u00a0<\/b><\/strong>estamos comprometidos en varias causas sociales e intentamos colaborar, en la medida de lo posible, en campa\u00f1as sociales como la de <strong>UNICEF ANDORRA.\u00a0<\/strong>El a\u00f1o pasado os presentamos\u00a0la campa\u00f1a<a href=\"https:\/\/www.vsacomunicacion.com\/opis-y-relojes-campana-unicef-andorra\/\">\u00a0<\/a><strong><a href=\"https:\/\/www.vsacomunicacion.com\/opis-y-relojes-campana-unicef-andorra\/\">#AraNoPodemParar<\/a><\/strong>\u00a0y ahora os invitamos a uniros a la\u00a0campa\u00f1a <strong>#TANCAUNICEF<a href=\"https:\/\/es-es.facebook.com\/hashtag\/aranopodemparar?source=feed_text&amp;story_id=985140328220780\" target=\"_blank\" rel=\"noopener\">,<\/a> <\/strong>con la finalidad de que\u00a0ning\u00fan ni\u00f1o muera por causas que se puedan evitar.<\/p>\n<p style=\"text-align: justify;\"><em>Hoy, un sue\u00f1o; alg\u00fan d\u00eda una realidad.<\/em><\/p>\n<p style=\"text-align: justify;\"><a href=\"https:\/\/www.vsacomunicacion.com\/wp-content\/uploads\/2017\/04\/mobiliario-urbano-oppi-publicidad-exterior-unicef-rsc-2-andorra-la-vella-abril-vsa-comunicacion.jpg\" rel=\"attachment wp-att-3349\"><img fetchpriority=\"high\" decoding=\"async\" class=\"aligncenter size-full wp-image-3349\" src=\"https:\/\/www.vsacomunicacion.com\/wp-content\/uploads\/2017\/04\/mobiliario-urbano-oppi-publicidad-exterior-unicef-rsc-2-andorra-la-vella-abril-vsa-comunicacion.jpg\" alt=\"mobiliario-urbano-oppi-publicidad-exterior-unicef-rsc-2-andorra-la-vella-abril-vsa-comunicacion\" width=\"884\" height=\"626\" srcset=\"https:\/\/www.vsacomunicacion.com\/wp-content\/uploads\/2017\/04\/mobiliario-urbano-oppi-publicidad-exterior-unicef-rsc-2-andorra-la-vella-abril-vsa-comunicacion.jpg 884w, https:\/\/www.vsacomunicacion.com\/wp-content\/uploads\/2017\/04\/mobiliario-urbano-oppi-publicidad-exterior-unicef-rsc-2-andorra-la-vella-abril-vsa-comunicacion-300x212.jpg 300w, https:\/\/www.vsacomunicacion.com\/wp-content\/uploads\/2017\/04\/mobiliario-urbano-oppi-publicidad-exterior-unicef-rsc-2-andorra-la-vella-abril-vsa-comunicacion-768x544.jpg 768w\" sizes=\"(max-width: 884px) 100vw, 884px\" \/><\/a><\/p>\n<p style=\"text-align: justify;\">El d\u00eda que acabemos con la mortalidad infantil, el d\u00eda que todos los ni\u00f1os tengan acceso a una educaci\u00f3n y sanidad dignas, el d\u00eda que todos ellos est\u00e9n protegidos ante los abusos y la explotaci\u00f3n, el d\u00eda que est\u00e9n garantizados sus derechos en cualquier parte del mundo, ese d\u00eda, <strong>UNICEF<\/strong> cerrar\u00e1, porque su trabajo ya no ser\u00e1 necesario y el mundo ser\u00e1 un mundo mejor.<\/p>\n<p style=\"text-align: justify;\">Este es el sue\u00f1o de UNICEF y su propia misi\u00f3n: Asegurarse de que\u00a0todos los ni\u00f1os y ni\u00f1as del mundo gozan de sus derechos y, as\u00ed, no ser necesarios. Cerrar UNICEF no es un camino f\u00e1cil, ni inmediato, es casi una utop\u00eda. Pero en UNICEF saben c\u00f3mo hacerlo. 70 a\u00f1os de trabajo incansable demuestran que se puede conseguir un mundo mejor para la infancia. Pero a\u00fan hoy en d\u00eda, millones de ni\u00f1os pasan fr\u00edo y hambre, enferman por no haber sido vacunados, no pueden ir al colegio o trabajan y son explotados. En UNICEF quieren llegar a todos esos ni\u00f1os para que nunca m\u00e1s necesiten ayudan.<\/p>\n<p style=\"text-align: justify;\">Ayuda a los ni\u00f1os, ayuda a cerrar UNICEF!!<em> <a href=\"https:\/\/twitter.com\/hashtag\/tancaUNICEF?src=hash\" target=\"_blank\" rel=\"noopener\">#TancaUNICEF<\/a><\/em><\/p>\n","protected":false},"excerpt":{"rendered":"<p>En VSA COMUNICACI\u00d3N gestionamos de forma responsable nuestro patrimonio publicitario para contribuir de manera activa en el bienestar social, econ\u00f3mico y medioambiental: Responsabilidad Social Corporativa (RSC). En ratificaci\u00f3n a los principios y valores que rigen la pol\u00edtica de VSA COMUNICACI\u00d3N\u00a0estamos [&hellip;]<\/p>\n","protected":false},"author":3,"featured_media":7409,"comment_status":"open","ping_status":"open","sticky":false,"template":"","format":"standard","meta":{"inline_featured_image":false,"footnotes":""},"categories":[1543,1544],"tags":[2234,1664,1705,1781,1706,1694,2055,2056,1565,1585,1586,1671,2100,2101],"class_list":["post-12062","post","type-post","status-publish","format-standard","has-post-thumbnail","hentry","category-andorra-en","category-mobiliario-urbano-en","tag-tancaunicef-en","tag-campana-publicitaria-en","tag-centro-ciudad-en","tag-circuito-urbano-en","tag-emplazamiento-premium-en","tag-gran-notoriedad-en","tag-mobiliario-urbano-2-en","tag-mobiliario-urbano-andorra-en","tag-publicidad-ciudades-en","tag-publicidad-exterior-en","tag-publicidad-urbana-en","tag-trafico-rodado-en","tag-unicef-en","tag-unicef-andorra-en"],"_links":{"self":[{"href":"https:\/\/www.vsacomunicacion.com\/en\/wp-json\/wp\/v2\/posts\/12062"}],"collection":[{"href":"https:\/\/www.vsacomunicacion.com\/en\/wp-json\/wp\/v2\/posts"}],"about":[{"href":"https:\/\/www.vsacomunicacion.com\/en\/wp-json\/wp\/v2\/types\/post"}],"author":[{"embeddable":true,"href":"https:\/\/www.vsacomunicacion.com\/en\/wp-json\/wp\/v2\/users\/3"}],"replies":[{"embeddable":true,"href":"https:\/\/www.vsacomunicacion.com\/en\/wp-json\/wp\/v2\/comments?post=12062"}],"version-history":[{"count":0,"href":"https:\/\/www.vsacomunicacion.com\/en\/wp-json\/wp\/v2\/posts\/12062\/revisions"}],"wp:featuredmedia":[{"embeddable":true,"href":"https:\/\/www.vsacomunicacion.com\/en\/wp-json\/wp\/v2\/media\/7409"}],"wp:attachment":[{"href":"https:\/\/www.vsacomunicacion.com\/en\/wp-json\/wp\/v2\/media?parent=12062"}],"wp:term":[{"taxonomy":"category","embeddable":true,"href":"https:\/\/www.vsacomunicacion.com\/en\/wp-json\/wp\/v2\/categories?post=12062"},{"taxonomy":"post_tag","embeddable":true,"href":"https:\/\/www.vsacomunicacion.com\/en\/wp-json\/wp\/v2\/tags?post=12062"}],"curies":[{"name":"wp","href":"https:\/\/api.w.org\/{rel}","templated":true}]}}