{"id":12065,"date":"2017-04-01T05:23:40","date_gmt":"2017-04-01T05:23:40","guid":{"rendered":"https:\/\/www.vsacomunicacion.com\/lona-publicitaria-adidas-en-barcelona\/"},"modified":"2017-04-01T05:23:40","modified_gmt":"2017-04-01T05:23:40","slug":"lona-publicitaria-adidas-en-barcelona","status":"publish","type":"post","link":"https:\/\/www.vsacomunicacion.com\/en\/lona-publicitaria-adidas-en-barcelona\/","title":{"rendered":"Lona Publicitaria ADIDAS en Barcelona"},"content":{"rendered":"<p style=\"text-align: justify;\">En <strong>VSA COMUNICACION<\/strong> no paramos!! Volvemos a estar de estreno&#8230; Y por todo lo alto!!! En el selecto Paseo de Gracia de <strong>Barcelona<\/strong> iniciamos nuevo emplazamiento con una fant\u00e1stica<strong> lona publicitaria<\/strong> de <strong>ADIDAS<\/strong> que, adem\u00e1s, incluye un <strong>proyecto especial.<\/strong><\/p>\n<p style=\"text-align: justify;\"><a href=\"https:\/\/www.vsacomunicacion.com\/wp-content\/uploads\/2017\/04\/lona-publicitaria-barcelona-paseo-de-gracia-23-adidas-vsa-comunicacion.jpg\" rel=\"attachment wp-att-3293\"><img fetchpriority=\"high\" decoding=\"async\" class=\"aligncenter size-full wp-image-3293\" src=\"https:\/\/www.vsacomunicacion.com\/wp-content\/uploads\/2017\/04\/lona-publicitaria-barcelona-paseo-de-gracia-23-adidas-vsa-comunicacion.jpg\" alt=\"lona-publicitaria-barcelona-paseo-de-gracia-23-adidas-vsa-comunicacion\" width=\"884\" height=\"626\" srcset=\"https:\/\/www.vsacomunicacion.com\/wp-content\/uploads\/2017\/04\/lona-publicitaria-barcelona-paseo-de-gracia-23-adidas-vsa-comunicacion.jpg 884w, https:\/\/www.vsacomunicacion.com\/wp-content\/uploads\/2017\/04\/lona-publicitaria-barcelona-paseo-de-gracia-23-adidas-vsa-comunicacion-300x212.jpg 300w, https:\/\/www.vsacomunicacion.com\/wp-content\/uploads\/2017\/04\/lona-publicitaria-barcelona-paseo-de-gracia-23-adidas-vsa-comunicacion-768x544.jpg 768w\" sizes=\"(max-width: 884px) 100vw, 884px\" \/><\/a><\/p>\n<p style=\"text-align: justify;\">Nos hemos divertido much\u00edsimo gestionando e ideando el montaje de la lona publicitaria, la acci\u00f3n especial y su\u00a0posterior grabaci\u00f3n, esperamos que su resultado os guste tanto como a nosotros. No os perd\u00e1is el Making Of, es un gran ejemplo de que la publicidad exterior es&#8230; ESPECTACULAR!!<\/p>\n<p><iframe title=\"VSA - Adidas - EQT\" src=\"https:\/\/player.vimeo.com\/video\/211630691?dnt=1&amp;app_id=122963\" width=\"1100\" height=\"619\" frameborder=\"0\" allow=\"autoplay; fullscreen; picture-in-picture; clipboard-write\"><\/iframe><\/p>\n<p style=\"text-align: justify;\">La EQT 2017 rinde homenaje al modelo original, a la vez que desaf\u00eda su caracter\u00edstico color verde destac\u00e1ndose por el lado opuesto de la paleta crom\u00e1tica. La Turbo Red vio la luz, con toques de ne\u00f3n, dise\u00f1ada para destacar entre la multitud.<\/p>\n<p style=\"text-align: justify;\">La autenticidad de su legado se reinvent\u00f3 para el mundo actual. Con materiales premium y un dise\u00f1o visionario. El tr\u00e9bol de ADIDAS distingue a la EQT (<em>Colecci\u00f3n Equipment)\u00a0<\/em>como icono de <strong>ADIDAS ORIGINALS<\/strong>, pero su esencia y su mensaje permanecen intactos,\u00a0lo mejor de <strong>ADIDAS<\/strong> se actualiza para hoy.<\/p>\n<p style=\"text-align: justify;\">En un mundo inundado de mensajes, de discusiones interminables, de confusi\u00f3n y ruido, la nueva colecci\u00f3n de ADIDAS da respuesta a todo eso. De los expertos en zapatillas, para los expertos en zapatillas. La EQT vuelve a ser de nuevo mucho m\u00e1s que un producto, es una declaraci\u00f3n de principios:\u00a0<em>EVERYTHING THAT IS ESSENTIAL, NOTHING THAT IS NOT!!<\/em><\/p>\n<p style=\"text-align: justify;\">\n","protected":false},"excerpt":{"rendered":"<p>En VSA COMUNICACION no paramos!! Volvemos a estar de estreno&#8230; Y por todo lo alto!!! En el selecto Paseo de Gracia de Barcelona iniciamos nuevo emplazamiento con una fant\u00e1stica lona publicitaria de ADIDAS que, adem\u00e1s, incluye un proyecto especial. Nos [&hellip;]<\/p>\n","protected":false},"author":3,"featured_media":7399,"comment_status":"open","ping_status":"open","sticky":false,"template":"","format":"standard","meta":{"inline_featured_image":false,"footnotes":""},"categories":[1506,1488,2168,2162],"tags":[1704,1516,1705,1706,1708,1693,1694,1609,1581,1666,2235,2236,1585,1599,1671],"class_list":["post-12065","post","type-post","status-publish","format-standard","has-post-thumbnail","hentry","category-barcelona-en","category-lonas-publicitarias-en","category-making-of-en","category-proyectos-especiales-en","tag-alto-prestigio-publicitario-en","tag-barcelona-en","tag-centro-ciudad-en","tag-emplazamiento-premium-en","tag-formato-espectacular-en","tag-gran-formato-en","tag-gran-notoriedad-en","tag-lonas-publicitarias-2-en","tag-lonas-publicitarias-barcelona-en","tag-paseo-de-gracia-en","tag-proyectos-especiales-2-en","tag-proyectos-especiales-barcelona-en","tag-publicidad-exterior-en","tag-publicidad-gran-formato-en","tag-trafico-rodado-en"],"_links":{"self":[{"href":"https:\/\/www.vsacomunicacion.com\/en\/wp-json\/wp\/v2\/posts\/12065"}],"collection":[{"href":"https:\/\/www.vsacomunicacion.com\/en\/wp-json\/wp\/v2\/posts"}],"about":[{"href":"https:\/\/www.vsacomunicacion.com\/en\/wp-json\/wp\/v2\/types\/post"}],"author":[{"embeddable":true,"href":"https:\/\/www.vsacomunicacion.com\/en\/wp-json\/wp\/v2\/users\/3"}],"replies":[{"embeddable":true,"href":"https:\/\/www.vsacomunicacion.com\/en\/wp-json\/wp\/v2\/comments?post=12065"}],"version-history":[{"count":0,"href":"https:\/\/www.vsacomunicacion.com\/en\/wp-json\/wp\/v2\/posts\/12065\/revisions"}],"wp:featuredmedia":[{"embeddable":true,"href":"https:\/\/www.vsacomunicacion.com\/en\/wp-json\/wp\/v2\/media\/7399"}],"wp:attachment":[{"href":"https:\/\/www.vsacomunicacion.com\/en\/wp-json\/wp\/v2\/media?parent=12065"}],"wp:term":[{"taxonomy":"category","embeddable":true,"href":"https:\/\/www.vsacomunicacion.com\/en\/wp-json\/wp\/v2\/categories?post=12065"},{"taxonomy":"post_tag","embeddable":true,"href":"https:\/\/www.vsacomunicacion.com\/en\/wp-json\/wp\/v2\/tags?post=12065"}],"curies":[{"name":"wp","href":"https:\/\/api.w.org\/{rel}","templated":true}]}}