{"id":12068,"date":"2017-03-15T08:15:54","date_gmt":"2017-03-15T08:15:54","guid":{"rendered":"https:\/\/www.vsacomunicacion.com\/publicidad-exterior-lona-publicitaria-saint-laurent-en-barcelona\/"},"modified":"2017-03-15T08:15:54","modified_gmt":"2017-03-15T08:15:54","slug":"publicidad-exterior-lona-publicitaria-saint-laurent-en-barcelona","status":"publish","type":"post","link":"https:\/\/www.vsacomunicacion.com\/en\/publicidad-exterior-lona-publicitaria-saint-laurent-en-barcelona\/","title":{"rendered":"Lona Publicitaria SAINT LAURENT en Barcelona"},"content":{"rendered":"<p style=\"text-align: justify;\">La glamurosa\u00a0casa de moda francesa, <strong>SAINT LAURENT,<\/strong> ha escogido el emplazamiento de <strong>VSA COMUNICACI\u00d3N<\/strong> de Barcelona para darnos a conocer su nueva boutique en el exclusivo <strong>Paseo de Gracia<\/strong> de <strong>Barcelona<\/strong>, a trav\u00e9s de esta fant\u00e1stica lona publicitaria muy fiel a sus campa\u00f1as de publicidad, no s\u00f3lo exterior sino tambi\u00e9n del resto de medios.<\/p>\n<p><a href=\"https:\/\/www.vsacomunicacion.com\/wp-content\/uploads\/2017\/04\/lona-publicitaria-barcelona-paseo-de-gracia-55-saint-laurent-noche-vsa-comunicacion.jpg\" rel=\"attachment wp-att-3276\"><img fetchpriority=\"high\" decoding=\"async\" class=\"aligncenter size-full wp-image-3276\" src=\"https:\/\/www.vsacomunicacion.com\/wp-content\/uploads\/2017\/04\/lona-publicitaria-barcelona-paseo-de-gracia-55-saint-laurent-noche-vsa-comunicacion.jpg\" alt=\"lona-publicitaria-barcelona-paseo-de-gracia-55-saint-laurent-noche-vsa-comunicacion\" width=\"884\" height=\"626\" srcset=\"https:\/\/www.vsacomunicacion.com\/wp-content\/uploads\/2017\/04\/lona-publicitaria-barcelona-paseo-de-gracia-55-saint-laurent-noche-vsa-comunicacion.jpg 884w, https:\/\/www.vsacomunicacion.com\/wp-content\/uploads\/2017\/04\/lona-publicitaria-barcelona-paseo-de-gracia-55-saint-laurent-noche-vsa-comunicacion-300x212.jpg 300w, https:\/\/www.vsacomunicacion.com\/wp-content\/uploads\/2017\/04\/lona-publicitaria-barcelona-paseo-de-gracia-55-saint-laurent-noche-vsa-comunicacion-768x544.jpg 768w\" sizes=\"(max-width: 884px) 100vw, 884px\" \/><\/a><\/p>\n<p style=\"text-align: justify;\">La casa de moda fue fundada por\u00a0<strong>YVES SAINT LAURENT<\/strong>\u00a0y su socio Pierre Berg\u00e9 en 1962. Cabe destacar la\u00a0lucha constante de la marca francesa en pro del papel de las mujeres, creando para ellas prendas de vestir que anteriormente se\u00a0hab\u00edan asociado s\u00f3lo a hombres, como el ic\u00f3nico <a href=\"https:\/\/www.google.es\/search?q=le+smoking+yves+saint+laurent&amp;espv=2&amp;source=lnms&amp;tbm=isch&amp;sa=X&amp;ved=0ahUKEwithav8wIrTAhVLPBQKHS6JAaYQ_AUIBigB&amp;biw=1600&amp;bih=721&amp;dpr=1\" target=\"_blank\" rel=\"noopener\">Le Smoking<\/a>\u00a0en 1966, recordando\u00a0que durante los a\u00f1os 60 y 70, incluso el siglo XX, la marca ha popularizado diversidad de tendencias.<\/p>\n<p style=\"text-align: justify;\"><a href=\"https:\/\/www.vsacomunicacion.com\/wp-content\/uploads\/2017\/03\/lona-publicitaria-barcelona-paseo-de-gracia-55-saint-laurent-dia-vsa-comunicacion.jpg\" rel=\"attachment wp-att-3278\"><img decoding=\"async\" class=\"aligncenter size-full wp-image-3278\" src=\"https:\/\/www.vsacomunicacion.com\/wp-content\/uploads\/2017\/03\/lona-publicitaria-barcelona-paseo-de-gracia-55-saint-laurent-dia-vsa-comunicacion.jpg\" alt=\"lona-publicitaria-barcelona-paseo-de-gracia-55-saint-laurent-dia-vsa-comunicacion\" width=\"884\" height=\"626\" srcset=\"https:\/\/www.vsacomunicacion.com\/wp-content\/uploads\/2017\/03\/lona-publicitaria-barcelona-paseo-de-gracia-55-saint-laurent-dia-vsa-comunicacion.jpg 884w, https:\/\/www.vsacomunicacion.com\/wp-content\/uploads\/2017\/03\/lona-publicitaria-barcelona-paseo-de-gracia-55-saint-laurent-dia-vsa-comunicacion-300x212.jpg 300w, https:\/\/www.vsacomunicacion.com\/wp-content\/uploads\/2017\/03\/lona-publicitaria-barcelona-paseo-de-gracia-55-saint-laurent-dia-vsa-comunicacion-768x544.jpg 768w\" sizes=\"(max-width: 884px) 100vw, 884px\" \/><\/a><\/p>\n<p style=\"text-align: justify;\">Aunque en 2002 Yves Saint Laurent cerr\u00f3 su ilustre casa de moda, el grupo GUCCI contin\u00faa manteniendo viva la marca.<\/p>\n<p>&nbsp;<\/p>\n","protected":false},"excerpt":{"rendered":"<p>La glamurosa\u00a0casa de moda francesa, SAINT LAURENT, ha escogido el emplazamiento de VSA COMUNICACI\u00d3N de Barcelona para darnos a conocer su nueva boutique en el exclusivo Paseo de Gracia de Barcelona, a trav\u00e9s de esta fant\u00e1stica lona publicitaria muy fiel [&hellip;]<\/p>\n","protected":false},"author":3,"featured_media":7394,"comment_status":"open","ping_status":"open","sticky":false,"template":"","format":"standard","meta":{"inline_featured_image":false,"footnotes":""},"categories":[1506,1488],"tags":[1704,1516,1664,1705,1706,1708,1694,1609,1581,1666,1565,1585,1599,2240,1671,2241,2242],"class_list":["post-12068","post","type-post","status-publish","format-standard","has-post-thumbnail","hentry","category-barcelona-en","category-lonas-publicitarias-en","tag-alto-prestigio-publicitario-en","tag-barcelona-en","tag-campana-publicitaria-en","tag-centro-ciudad-en","tag-emplazamiento-premium-en","tag-formato-espectacular-en","tag-gran-notoriedad-en","tag-lonas-publicitarias-2-en","tag-lonas-publicitarias-barcelona-en","tag-paseo-de-gracia-en","tag-publicidad-ciudades-en","tag-publicidad-exterior-en","tag-publicidad-gran-formato-en","tag-saint-laurent-en","tag-trafico-rodado-en","tag-ysl-en","tag-yves-saint-laurent-en"],"_links":{"self":[{"href":"https:\/\/www.vsacomunicacion.com\/en\/wp-json\/wp\/v2\/posts\/12068"}],"collection":[{"href":"https:\/\/www.vsacomunicacion.com\/en\/wp-json\/wp\/v2\/posts"}],"about":[{"href":"https:\/\/www.vsacomunicacion.com\/en\/wp-json\/wp\/v2\/types\/post"}],"author":[{"embeddable":true,"href":"https:\/\/www.vsacomunicacion.com\/en\/wp-json\/wp\/v2\/users\/3"}],"replies":[{"embeddable":true,"href":"https:\/\/www.vsacomunicacion.com\/en\/wp-json\/wp\/v2\/comments?post=12068"}],"version-history":[{"count":0,"href":"https:\/\/www.vsacomunicacion.com\/en\/wp-json\/wp\/v2\/posts\/12068\/revisions"}],"wp:featuredmedia":[{"embeddable":true,"href":"https:\/\/www.vsacomunicacion.com\/en\/wp-json\/wp\/v2\/media\/7394"}],"wp:attachment":[{"href":"https:\/\/www.vsacomunicacion.com\/en\/wp-json\/wp\/v2\/media?parent=12068"}],"wp:term":[{"taxonomy":"category","embeddable":true,"href":"https:\/\/www.vsacomunicacion.com\/en\/wp-json\/wp\/v2\/categories?post=12068"},{"taxonomy":"post_tag","embeddable":true,"href":"https:\/\/www.vsacomunicacion.com\/en\/wp-json\/wp\/v2\/tags?post=12068"}],"curies":[{"name":"wp","href":"https:\/\/api.w.org\/{rel}","templated":true}]}}