{"id":12082,"date":"2017-03-05T07:11:00","date_gmt":"2017-03-05T07:11:00","guid":{"rendered":"https:\/\/www.vsacomunicacion.com\/lona-publicitaria-hyundai-en-barcelona\/"},"modified":"2017-03-05T07:11:00","modified_gmt":"2017-03-05T07:11:00","slug":"lona-publicitaria-hyundai-en-barcelona","status":"publish","type":"post","link":"https:\/\/www.vsacomunicacion.com\/en\/lona-publicitaria-hyundai-en-barcelona\/","title":{"rendered":"Lona Publicitaria HYUNDAI en Barcelona"},"content":{"rendered":"<p style=\"text-align: justify;\">Nueva campa\u00f1a de publicidad de exterior de <strong>VSA COMUNICACION<\/strong> en el emplazamiento de la Avenida Pau Casals en <strong>Barcelona<\/strong> para HYUNDAI con una fant\u00e1stica <strong>lona publicitaria<\/strong>\u00a0y, como valor a\u00f1adido,\u00a0una vistosa acci\u00f3n especial, en la que los leds retroiluminados reproducen\u00a0el efecto de los faros del nuevo<strong> HYUNDAI i30<\/strong> iluminados.<\/p>\n<p><a href=\"https:\/\/www.vsacomunicacion.com\/wp-content\/uploads\/2017\/03\/lona-publicitaria-barcelona-avenida-pau-casals-4-hyundai-i30-noche-vsa-comunicacion-1.jpg\" rel=\"attachment wp-att-3229\"><img fetchpriority=\"high\" decoding=\"async\" class=\"aligncenter size-full wp-image-3229\" src=\"https:\/\/www.vsacomunicacion.com\/wp-content\/uploads\/2017\/03\/lona-publicitaria-barcelona-avenida-pau-casals-4-hyundai-i30-noche-vsa-comunicacion-1.jpg\" alt=\"lona-publicitaria-barcelona-avenida-pau-casals-4-hyundai-i30-noche-vsa-comunicacion\" width=\"884\" height=\"626\" srcset=\"https:\/\/www.vsacomunicacion.com\/wp-content\/uploads\/2017\/03\/lona-publicitaria-barcelona-avenida-pau-casals-4-hyundai-i30-noche-vsa-comunicacion-1.jpg 884w, https:\/\/www.vsacomunicacion.com\/wp-content\/uploads\/2017\/03\/lona-publicitaria-barcelona-avenida-pau-casals-4-hyundai-i30-noche-vsa-comunicacion-1-300x212.jpg 300w, https:\/\/www.vsacomunicacion.com\/wp-content\/uploads\/2017\/03\/lona-publicitaria-barcelona-avenida-pau-casals-4-hyundai-i30-noche-vsa-comunicacion-1-768x544.jpg 768w\" sizes=\"(max-width: 884px) 100vw, 884px\" \/><\/a><\/p>\n<p style=\"text-align: justify;\">El revolucionario <strong>HYUNDAI i30<\/strong> posee un fuerte y conmovedor atractivo gracias a su dise\u00f1o inconfundible, elegante y absolutamente intemporal. Con superficies esculpidas con precisi\u00f3n, una silueta estilizada y detalles que dejan patente su sofisticaci\u00f3n y estilo sin excesos.<\/p>\n<p style=\"text-align: justify;\">Dispone, adem\u00e1s, de una mayor seguridad gracias al sistema de detecci\u00f3n de fatiga del conductor (DAA), posible gracias a la observaci\u00f3n y an\u00e1lisis de cambios de \u00e1ngulo y posici\u00f3n en el carril, y de su sistema de frenado aut\u00f3nomo de emergencia (AEB), que se accionan cuando las c\u00e1maras y sensores instalados en la parte delantera detectan un veh\u00edculo o peat\u00f3n.<\/p>\n<p style=\"text-align: justify;\"><a href=\"https:\/\/www.vsacomunicacion.com\/wp-content\/uploads\/2017\/03\/lona-publicitaria-barcelona-avenida-pau-casals-4-hyundai-i30-dia-vsa-comunicacion.jpg\" rel=\"attachment wp-att-3231\"><img decoding=\"async\" class=\"aligncenter size-full wp-image-3231\" src=\"https:\/\/www.vsacomunicacion.com\/wp-content\/uploads\/2017\/03\/lona-publicitaria-barcelona-avenida-pau-casals-4-hyundai-i30-dia-vsa-comunicacion.jpg\" alt=\"lona-publicitaria-barcelona-avenida-pau-casals-4-hyundai-i30-dia-vsa-comunicacion\" width=\"884\" height=\"626\" srcset=\"https:\/\/www.vsacomunicacion.com\/wp-content\/uploads\/2017\/03\/lona-publicitaria-barcelona-avenida-pau-casals-4-hyundai-i30-dia-vsa-comunicacion.jpg 884w, https:\/\/www.vsacomunicacion.com\/wp-content\/uploads\/2017\/03\/lona-publicitaria-barcelona-avenida-pau-casals-4-hyundai-i30-dia-vsa-comunicacion-300x212.jpg 300w, https:\/\/www.vsacomunicacion.com\/wp-content\/uploads\/2017\/03\/lona-publicitaria-barcelona-avenida-pau-casals-4-hyundai-i30-dia-vsa-comunicacion-768x544.jpg 768w\" sizes=\"(max-width: 884px) 100vw, 884px\" \/><\/a><\/p>\n<p style=\"text-align: justify;\">HYUNDAI i30 significa Evoluci\u00f3n, Superaci\u00f3n y Emoci\u00f3n. Rara vez surge un coche nuevo con una imagen tan acertada, con un aire tan de hoy!!<\/p>\n","protected":false},"excerpt":{"rendered":"<p>Nueva campa\u00f1a de publicidad de exterior de VSA COMUNICACION en el emplazamiento de la Avenida Pau Casals en Barcelona para HYUNDAI con una fant\u00e1stica lona publicitaria\u00a0y, como valor a\u00f1adido,\u00a0una vistosa acci\u00f3n especial, en la que los leds retroiluminados reproducen\u00a0el efecto [&hellip;]<\/p>\n","protected":false},"author":3,"featured_media":7384,"comment_status":"open","ping_status":"open","sticky":false,"template":"","format":"standard","meta":{"inline_featured_image":false,"footnotes":""},"categories":[1506,1488,2162],"tags":[1704,1516,1664,1705,1708,1693,1694,2254,2255,1609,1581,2235,2236,1565,1585,1599,1586,1671],"class_list":["post-12082","post","type-post","status-publish","format-standard","has-post-thumbnail","hentry","category-barcelona-en","category-lonas-publicitarias-en","category-proyectos-especiales-en","tag-alto-prestigio-publicitario-en","tag-barcelona-en","tag-campana-publicitaria-en","tag-centro-ciudad-en","tag-formato-espectacular-en","tag-gran-formato-en","tag-gran-notoriedad-en","tag-hyundai-en","tag-i30-en","tag-lonas-publicitarias-2-en","tag-lonas-publicitarias-barcelona-en","tag-proyectos-especiales-2-en","tag-proyectos-especiales-barcelona-en","tag-publicidad-ciudades-en","tag-publicidad-exterior-en","tag-publicidad-gran-formato-en","tag-publicidad-urbana-en","tag-trafico-rodado-en"],"_links":{"self":[{"href":"https:\/\/www.vsacomunicacion.com\/en\/wp-json\/wp\/v2\/posts\/12082"}],"collection":[{"href":"https:\/\/www.vsacomunicacion.com\/en\/wp-json\/wp\/v2\/posts"}],"about":[{"href":"https:\/\/www.vsacomunicacion.com\/en\/wp-json\/wp\/v2\/types\/post"}],"author":[{"embeddable":true,"href":"https:\/\/www.vsacomunicacion.com\/en\/wp-json\/wp\/v2\/users\/3"}],"replies":[{"embeddable":true,"href":"https:\/\/www.vsacomunicacion.com\/en\/wp-json\/wp\/v2\/comments?post=12082"}],"version-history":[{"count":0,"href":"https:\/\/www.vsacomunicacion.com\/en\/wp-json\/wp\/v2\/posts\/12082\/revisions"}],"wp:featuredmedia":[{"embeddable":true,"href":"https:\/\/www.vsacomunicacion.com\/en\/wp-json\/wp\/v2\/media\/7384"}],"wp:attachment":[{"href":"https:\/\/www.vsacomunicacion.com\/en\/wp-json\/wp\/v2\/media?parent=12082"}],"wp:term":[{"taxonomy":"category","embeddable":true,"href":"https:\/\/www.vsacomunicacion.com\/en\/wp-json\/wp\/v2\/categories?post=12082"},{"taxonomy":"post_tag","embeddable":true,"href":"https:\/\/www.vsacomunicacion.com\/en\/wp-json\/wp\/v2\/tags?post=12082"}],"curies":[{"name":"wp","href":"https:\/\/api.w.org\/{rel}","templated":true}]}}