{"id":12084,"date":"2017-03-03T11:40:10","date_gmt":"2017-03-03T11:40:10","guid":{"rendered":"https:\/\/www.vsacomunicacion.com\/la-primavera-llega-a-al-circuito-pyms-de-valencia-con-nuevo-centro\/"},"modified":"2017-03-03T11:40:10","modified_gmt":"2017-03-03T11:40:10","slug":"la-primavera-llega-a-al-circuito-pyms-de-valencia-con-nuevo-centro","status":"publish","type":"post","link":"https:\/\/www.vsacomunicacion.com\/en\/la-primavera-llega-a-al-circuito-pyms-de-valencia-con-nuevo-centro\/","title":{"rendered":"La primavera llega a al Circuito PYM&#8217;s de Valencia con NUEVO CENTRO"},"content":{"rendered":"<p style=\"text-align: justify;\">El Centro Comercial\u00a0<strong><a href=\"http:\/\/www.nuevocentro.es\/\" target=\"_blank\" rel=\"noopener\">NUEVO CENTRO<\/a><\/strong> nos anuncia la llegada de la Primavera a trav\u00e9s del fant\u00e1stico <strong>Circuito de PYM&#8217;s<\/strong> de<strong> Valencia<\/strong> de <strong>VSA COMUNICACI\u00d3N<\/strong> y nos presenta la desbordante Colecci\u00f3n de\u00a0Moda que han preparado para ti sus 250 tiendas.<a href=\"https:\/\/www.vsacomunicacion.com\/wp-content\/uploads\/2017\/03\/pym-valencia-san-vicente-246-nuevo-centro-marzo-vsa-comunicacion.jpg\" rel=\"attachment wp-att-3254\"><br \/>\n<\/a><a href=\"https:\/\/www.vsacomunicacion.com\/wp-content\/uploads\/2017\/03\/pym-valencia-san-vicente-246-nuevo-centro-marzo-vsa-comunicacion-1.jpg\" rel=\"attachment wp-att-3256\"><img fetchpriority=\"high\" decoding=\"async\" class=\"aligncenter size-full wp-image-3256\" src=\"https:\/\/www.vsacomunicacion.com\/wp-content\/uploads\/2017\/03\/pym-valencia-san-vicente-246-nuevo-centro-marzo-vsa-comunicacion-1.jpg\" alt=\"pym-valencia-san-vicente-246-nuevo-centro-marzo-vsa-comunicacion\" width=\"874\" height=\"624\" srcset=\"https:\/\/www.vsacomunicacion.com\/wp-content\/uploads\/2017\/03\/pym-valencia-san-vicente-246-nuevo-centro-marzo-vsa-comunicacion-1.jpg 874w, https:\/\/www.vsacomunicacion.com\/wp-content\/uploads\/2017\/03\/pym-valencia-san-vicente-246-nuevo-centro-marzo-vsa-comunicacion-1-300x214.jpg 300w, https:\/\/www.vsacomunicacion.com\/wp-content\/uploads\/2017\/03\/pym-valencia-san-vicente-246-nuevo-centro-marzo-vsa-comunicacion-1-768x548.jpg 768w\" sizes=\"(max-width: 874px) 100vw, 874px\" \/><\/a>Con m\u00e1s de 30 a\u00f1os de historia, su excelente ubicaci\u00f3n, gran oferta comercial y su amplio y variado programa de animaci\u00f3n comercial hacen que <strong>NUEVO CENTRO<\/strong> siga siendo un referente para todos los valencianos. Entre sus actividades encontrar\u00e9is la 11\u00aa Olimipada Infantil que tendr\u00e1 lugar el pr\u00f3ximo d\u00eda 13 de mayo, en las pistas del Estadio del T\u00faria y, desde <strong>VSA COMUNICACION<\/strong>, te proponemos que vengas a conocer las Ludotecas Maravillas de\u00a0NUEVO CENTRO con actividades l\u00fadico-educativas para ni\u00f1os\/as de 3 a 10 a\u00f1os,\u00a0un lugar donde jugar y aprender con las diferentes tem\u00e1ticas educativas.<\/p>\n<p style=\"text-align: justify;\">As\u00ed que el Centro Comercial NUEVO CENTRO, ofrece a sus clientes la m\u00e1s amplia variedad en moda, alimentaci\u00f3n, \u00a0restauraci\u00f3n, m\u00fasica, deportes, juguetes, hogar, joyer\u00eda, regalos, complementos, viajes, belleza, zapater\u00edas, ocio y una amplia variedad de actividades para ni\u00f1os y adultos.<\/p>\n<p style=\"text-align: justify;\"><em>Esta Primavera ven a NUEVO CENTRO!!<\/em><\/p>\n","protected":false},"excerpt":{"rendered":"<p>El Centro Comercial\u00a0NUEVO CENTRO nos anuncia la llegada de la Primavera a trav\u00e9s del fant\u00e1stico Circuito de PYM&#8217;s de Valencia de VSA COMUNICACI\u00d3N y nos presenta la desbordante Colecci\u00f3n de\u00a0Moda que han preparado para ti sus 250 tiendas. Con m\u00e1s [&hellip;]<\/p>\n","protected":false},"author":3,"featured_media":7392,"comment_status":"open","ping_status":"open","sticky":false,"template":"","format":"standard","meta":{"inline_featured_image":false,"footnotes":""},"categories":[1593,1640],"tags":[1664,1705,1781,1694,1993,1565,1585,1676,1934,1671,1645],"class_list":["post-12084","post","type-post","status-publish","format-standard","has-post-thumbnail","hentry","category-pyms-en","category-valencia-en","tag-campana-publicitaria-en","tag-centro-ciudad-en","tag-circuito-urbano-en","tag-gran-notoriedad-en","tag-nuevo-centro-en","tag-publicidad-ciudades-en","tag-publicidad-exterior-en","tag-pyms-2-en","tag-pyms-valencia-en","tag-trafico-rodado-en","tag-valencia-en"],"_links":{"self":[{"href":"https:\/\/www.vsacomunicacion.com\/en\/wp-json\/wp\/v2\/posts\/12084"}],"collection":[{"href":"https:\/\/www.vsacomunicacion.com\/en\/wp-json\/wp\/v2\/posts"}],"about":[{"href":"https:\/\/www.vsacomunicacion.com\/en\/wp-json\/wp\/v2\/types\/post"}],"author":[{"embeddable":true,"href":"https:\/\/www.vsacomunicacion.com\/en\/wp-json\/wp\/v2\/users\/3"}],"replies":[{"embeddable":true,"href":"https:\/\/www.vsacomunicacion.com\/en\/wp-json\/wp\/v2\/comments?post=12084"}],"version-history":[{"count":0,"href":"https:\/\/www.vsacomunicacion.com\/en\/wp-json\/wp\/v2\/posts\/12084\/revisions"}],"wp:featuredmedia":[{"embeddable":true,"href":"https:\/\/www.vsacomunicacion.com\/en\/wp-json\/wp\/v2\/media\/7392"}],"wp:attachment":[{"href":"https:\/\/www.vsacomunicacion.com\/en\/wp-json\/wp\/v2\/media?parent=12084"}],"wp:term":[{"taxonomy":"category","embeddable":true,"href":"https:\/\/www.vsacomunicacion.com\/en\/wp-json\/wp\/v2\/categories?post=12084"},{"taxonomy":"post_tag","embeddable":true,"href":"https:\/\/www.vsacomunicacion.com\/en\/wp-json\/wp\/v2\/tags?post=12084"}],"curies":[{"name":"wp","href":"https:\/\/api.w.org\/{rel}","templated":true}]}}