{"id":12099,"date":"2017-02-09T17:39:07","date_gmt":"2017-02-09T17:39:07","guid":{"rendered":"https:\/\/www.vsacomunicacion.com\/pym-de-nuevo-centro-en-valencia-5\/"},"modified":"2017-02-09T17:39:07","modified_gmt":"2017-02-09T17:39:07","slug":"pym-de-nuevo-centro-en-valencia-5","status":"publish","type":"post","link":"https:\/\/www.vsacomunicacion.com\/en\/pym-de-nuevo-centro-en-valencia-5\/","title":{"rendered":"Pym de NUEVO CENTRO en Valencia"},"content":{"rendered":"<p style=\"text-align: justify;\">Ha llegado el mes de enero y, por supuesto, no pod\u00edan faltar las incre\u00edbles rebajas en tu centro comercial en<strong> Valencia<\/strong> <strong>NUEVO CENTRO<\/strong>!! A trav\u00e9s del<a href=\"https:\/\/www.vsacomunicacion.com\/es\/productos-publicidad-exterior-pyms\"><strong> Circuito de Pym&#8217;s<\/strong> <\/a>de <strong>VSA COMUNICACION<\/strong> en Valencia ver\u00e1s la campa\u00f1a de publicidad exterior en la que te\u00a0invitamos a\u00a0pasear y disfrutar de las rebajas de NUEVO CENTRO.<\/p>\n<p style=\"text-align: justify;\"><a href=\"https:\/\/www.vsacomunicacion.com\/wp-content\/uploads\/2017\/02\/pym-valencia-avenida-baleares-nuevo-centro-enero-vsa-comunicacion.jpg\" rel=\"attachment wp-att-3161\"><img fetchpriority=\"high\" decoding=\"async\" class=\"aligncenter size-full wp-image-3161\" src=\"https:\/\/www.vsacomunicacion.com\/wp-content\/uploads\/2017\/02\/pym-valencia-avenida-baleares-nuevo-centro-enero-vsa-comunicacion.jpg\" alt=\"pym-valencia-avenida-baleares-nuevo-centro-enero-vsa-comunicacion\" width=\"884\" height=\"626\" srcset=\"https:\/\/www.vsacomunicacion.com\/wp-content\/uploads\/2017\/02\/pym-valencia-avenida-baleares-nuevo-centro-enero-vsa-comunicacion.jpg 884w, https:\/\/www.vsacomunicacion.com\/wp-content\/uploads\/2017\/02\/pym-valencia-avenida-baleares-nuevo-centro-enero-vsa-comunicacion-300x212.jpg 300w, https:\/\/www.vsacomunicacion.com\/wp-content\/uploads\/2017\/02\/pym-valencia-avenida-baleares-nuevo-centro-enero-vsa-comunicacion-768x544.jpg 768w\" sizes=\"(max-width: 884px) 100vw, 884px\" \/><\/a><\/p>\n<p style=\"text-align: justify;\">No olvides que en\u00a0<strong>NUEVO CENTRO<\/strong>, adem\u00e1s de encontrar\u00a0la m\u00e1s amplia variedad en moda, alimentaci\u00f3n, restauraci\u00f3n, m\u00fasica, y todo lo necesario para tus compras, peri\u00f3dicamente organizan todo tipo de Talleres, Torneos, Concursos, tienes todo tipo de actividades para que t\u00fa y los tuyos disfrut\u00e9is de una bonita tarde en familia o en compa\u00f1\u00eda de vuestros amigos.<\/p>\n<p style=\"text-align: justify;\">En poquitas semanas llegaremos al mes de marzo, y con \u00e9l,\u00a0su\u00a0evento m\u00e1s popular\u00a0e imprescindible, las Fallas!! Y NUEVO CENTRO os propone un sinf\u00edn de opciones relacionadas con esta magn\u00edfica fiesta valenciana: un taller infantil fallero, un concurso de fotograf\u00eda, la masclet\u00e1 en pantalla gigante&#8230; Visita su <a href=\"http:\/\/www.nuevocentro.es\/index.asp\" target=\"_blank\" rel=\"noopener\">p\u00e1gina web<\/a> e inf\u00f3rmate de qu\u00e9 actividad es para ti!!<\/p>\n<p style=\"text-align: justify;\">No te pierdas las rebajas de NUEVO CENTRO del 7 de enero al 28 de febrero!!<\/p>\n<p>&nbsp;<\/p>\n<p>&nbsp;<\/p>\n","protected":false},"excerpt":{"rendered":"<p>Ha llegado el mes de enero y, por supuesto, no pod\u00edan faltar las incre\u00edbles rebajas en tu centro comercial en Valencia NUEVO CENTRO!! A trav\u00e9s del Circuito de Pym&#8217;s de VSA COMUNICACION en Valencia ver\u00e1s la campa\u00f1a de publicidad exterior [&hellip;]<\/p>\n","protected":false},"author":3,"featured_media":7366,"comment_status":"open","ping_status":"open","sticky":false,"template":"","format":"standard","meta":{"inline_featured_image":false,"footnotes":""},"categories":[1593,1640],"tags":[1664,1781,1694,1993,1565,1585,1676,1934,1671,1645],"class_list":["post-12099","post","type-post","status-publish","format-standard","has-post-thumbnail","hentry","category-pyms-en","category-valencia-en","tag-campana-publicitaria-en","tag-circuito-urbano-en","tag-gran-notoriedad-en","tag-nuevo-centro-en","tag-publicidad-ciudades-en","tag-publicidad-exterior-en","tag-pyms-2-en","tag-pyms-valencia-en","tag-trafico-rodado-en","tag-valencia-en"],"_links":{"self":[{"href":"https:\/\/www.vsacomunicacion.com\/en\/wp-json\/wp\/v2\/posts\/12099"}],"collection":[{"href":"https:\/\/www.vsacomunicacion.com\/en\/wp-json\/wp\/v2\/posts"}],"about":[{"href":"https:\/\/www.vsacomunicacion.com\/en\/wp-json\/wp\/v2\/types\/post"}],"author":[{"embeddable":true,"href":"https:\/\/www.vsacomunicacion.com\/en\/wp-json\/wp\/v2\/users\/3"}],"replies":[{"embeddable":true,"href":"https:\/\/www.vsacomunicacion.com\/en\/wp-json\/wp\/v2\/comments?post=12099"}],"version-history":[{"count":0,"href":"https:\/\/www.vsacomunicacion.com\/en\/wp-json\/wp\/v2\/posts\/12099\/revisions"}],"wp:featuredmedia":[{"embeddable":true,"href":"https:\/\/www.vsacomunicacion.com\/en\/wp-json\/wp\/v2\/media\/7366"}],"wp:attachment":[{"href":"https:\/\/www.vsacomunicacion.com\/en\/wp-json\/wp\/v2\/media?parent=12099"}],"wp:term":[{"taxonomy":"category","embeddable":true,"href":"https:\/\/www.vsacomunicacion.com\/en\/wp-json\/wp\/v2\/categories?post=12099"},{"taxonomy":"post_tag","embeddable":true,"href":"https:\/\/www.vsacomunicacion.com\/en\/wp-json\/wp\/v2\/tags?post=12099"}],"curies":[{"name":"wp","href":"https:\/\/api.w.org\/{rel}","templated":true}]}}