{"id":12110,"date":"2017-01-20T02:24:34","date_gmt":"2017-01-20T02:24:34","guid":{"rendered":"https:\/\/www.vsacomunicacion.com\/valla-honda-en-puigcerda\/"},"modified":"2017-01-20T02:24:34","modified_gmt":"2017-01-20T02:24:34","slug":"valla-honda-en-puigcerda","status":"publish","type":"post","link":"https:\/\/www.vsacomunicacion.com\/en\/valla-honda-en-puigcerda\/","title":{"rendered":"Valla HONDA en Puigcerd\u00e0"},"content":{"rendered":"<p style=\"text-align: justify;\">Entre los soportes de <strong><span style=\"color: #ff0000;\">VSA<\/span> COMUNICACION<\/strong> se encuentran las<strong><a href=\"https:\/\/www.vsacomunicacion.com\/es\/productos-publicidad-exterior-monopostes\"> vallas y monopostes<\/a><\/strong> en varias ciudades y poblaciones del territorio nacional. En este caso, os presentamos la valla ubicada en la N-260, concretamente en la entrada a la rotonda de paso obligado para ir al centro de la poblaci\u00f3n de <strong>Puigcerd\u00e0<\/strong> (provincia de Girona), Ll\u00edvia o Bourge Madame, en la que <strong>HONDA<\/strong> nos presenta sus todoterrenos<strong> CR-V<\/strong>\u00a0y <strong>HR-V<\/strong>.<\/p>\n<p style=\"text-align: justify;\"><a href=\"https:\/\/www.vsacomunicacion.com\/wp-content\/uploads\/2017\/02\/monoposte-barcelona-girona-3-puigcerda-honda-vsa-comunicacion.jpg\" rel=\"attachment wp-att-3190\"><img fetchpriority=\"high\" decoding=\"async\" class=\"aligncenter size-full wp-image-3190\" src=\"https:\/\/www.vsacomunicacion.com\/wp-content\/uploads\/2017\/02\/monoposte-barcelona-girona-3-puigcerda-honda-vsa-comunicacion.jpg\" alt=\"monoposte-barcelona-girona-3-puigcerda-honda-vsa-comunicacion\" width=\"884\" height=\"626\" srcset=\"https:\/\/www.vsacomunicacion.com\/wp-content\/uploads\/2017\/02\/monoposte-barcelona-girona-3-puigcerda-honda-vsa-comunicacion.jpg 884w, https:\/\/www.vsacomunicacion.com\/wp-content\/uploads\/2017\/02\/monoposte-barcelona-girona-3-puigcerda-honda-vsa-comunicacion-300x212.jpg 300w, https:\/\/www.vsacomunicacion.com\/wp-content\/uploads\/2017\/02\/monoposte-barcelona-girona-3-puigcerda-honda-vsa-comunicacion-768x544.jpg 768w\" sizes=\"(max-width: 884px) 100vw, 884px\" \/><\/a><\/p>\n<p style=\"text-align: justify;\">Un coche elegante, espacioso, innovador, con esp\u00edritu aventurero, transmite libertad y flexibilidad, as\u00ed es<strong>\u00a0HONDA CR-V<\/strong>, m\u00e1s all\u00e1 de lo extraordinario!! Desde 1995 se han vendido m\u00e1s de 7 millones de CR-V, y actualmente con la incorporaci\u00f3n de nuevas prestaciones y un dise\u00f1o m\u00e1s din\u00e1mico, con l\u00edneas m\u00e1s potentes y marcadas, lo convierten a\u00fan en el mejor SUV para ti.<\/p>\n<p style=\"text-align: justify;\">Si lo que quieres es un SUV pero de menor tama\u00f1a, tu coche es el nuevo\u00a0<strong>HONDA HR-V<\/strong>, con \u00e9l todo encaja a la perfecci\u00f3n!! Se ajustar\u00e1 completamente a tu estilo de vida, pues posee la combinaci\u00f3n perfecta de comodidad, estilo, un dise\u00f1o brillante y un baj\u00edsimo consumo de combustible que har\u00e1 que tu vida sea puro confort.<\/p>\n<p style=\"text-align: justify;\"><strong>HONDA<\/strong>,<em> m\u00e1quinas de ensue\u00f1o creadas para hacerte disfrutar!<\/em><\/p>\n<h2><\/h2>\n<p><span style=\"border-radius: 2px; text-indent: 20px; width: auto; padding: 0px 4px 0px 0px; text-align: center; font: bold 11px\/20px 'Helvetica Neue',Helvetica,sans-serif; color: #ffffff; background: #bd081c no-repeat scroll 3px 50% \/ 14px 14px; position: absolute; opacity: 1; z-index: 8675309; display: none; cursor: pointer; top: 154px; left: 177px;\">Guardar<\/span><\/p>\n<p><span style=\"border-radius: 2px; text-indent: 20px; width: auto; padding: 0px 4px 0px 0px; text-align: center; font: bold 11px\/20px 'Helvetica Neue',Helvetica,sans-serif; color: #ffffff; background: #bd081c  no-repeat scroll 3px 50% \/ 14px 14px; position: absolute; opacity: 1; z-index: 8675309; display: none; cursor: pointer;\">Guardar<\/span><\/p>\n","protected":false},"excerpt":{"rendered":"<p>Entre los soportes de VSA COMUNICACION se encuentran las vallas y monopostes en varias ciudades y poblaciones del territorio nacional. En este caso, os presentamos la valla ubicada en la N-260, concretamente en la entrada a la rotonda de paso [&hellip;]<\/p>\n","protected":false},"author":3,"featured_media":7374,"comment_status":"open","ping_status":"open","sticky":false,"template":"","format":"standard","meta":{"inline_featured_image":false,"footnotes":""},"categories":[2117,1871],"tags":[1664,2268,2118,2119,1694,1698,2269,2063,2120,1565,1585,1586,2121,1745,1671],"class_list":["post-12110","post","type-post","status-publish","format-standard","has-post-thumbnail","hentry","category-girona-en","category-monopostes-en","tag-campana-publicitaria-en","tag-cerdana-en","tag-cr-v-en","tag-girona-en","tag-gran-notoriedad-en","tag-honda-en","tag-hr-v-en","tag-monopostes-2-en","tag-monopostes-girona-en","tag-publicidad-ciudades-en","tag-publicidad-exterior-en","tag-publicidad-urbana-en","tag-puigcerda-en","tag-suv-en","tag-trafico-rodado-en"],"_links":{"self":[{"href":"https:\/\/www.vsacomunicacion.com\/en\/wp-json\/wp\/v2\/posts\/12110"}],"collection":[{"href":"https:\/\/www.vsacomunicacion.com\/en\/wp-json\/wp\/v2\/posts"}],"about":[{"href":"https:\/\/www.vsacomunicacion.com\/en\/wp-json\/wp\/v2\/types\/post"}],"author":[{"embeddable":true,"href":"https:\/\/www.vsacomunicacion.com\/en\/wp-json\/wp\/v2\/users\/3"}],"replies":[{"embeddable":true,"href":"https:\/\/www.vsacomunicacion.com\/en\/wp-json\/wp\/v2\/comments?post=12110"}],"version-history":[{"count":0,"href":"https:\/\/www.vsacomunicacion.com\/en\/wp-json\/wp\/v2\/posts\/12110\/revisions"}],"wp:featuredmedia":[{"embeddable":true,"href":"https:\/\/www.vsacomunicacion.com\/en\/wp-json\/wp\/v2\/media\/7374"}],"wp:attachment":[{"href":"https:\/\/www.vsacomunicacion.com\/en\/wp-json\/wp\/v2\/media?parent=12110"}],"wp:term":[{"taxonomy":"category","embeddable":true,"href":"https:\/\/www.vsacomunicacion.com\/en\/wp-json\/wp\/v2\/categories?post=12110"},{"taxonomy":"post_tag","embeddable":true,"href":"https:\/\/www.vsacomunicacion.com\/en\/wp-json\/wp\/v2\/tags?post=12110"}],"curies":[{"name":"wp","href":"https:\/\/api.w.org\/{rel}","templated":true}]}}