{"id":12111,"date":"2017-01-10T16:21:48","date_gmt":"2017-01-10T16:21:48","guid":{"rendered":"https:\/\/www.vsacomunicacion.com\/beefeater-in-edit-en-las-pyms-de-barcelona\/"},"modified":"2017-01-10T16:21:48","modified_gmt":"2017-01-10T16:21:48","slug":"beefeater-in-edit-en-las-pyms-de-barcelona","status":"publish","type":"post","link":"https:\/\/www.vsacomunicacion.com\/en\/beefeater-in-edit-en-las-pyms-de-barcelona\/","title":{"rendered":"BEEFEATER IN-EDIT en las Pym&#8217;s de Barcelona"},"content":{"rendered":"<p style=\"text-align: justify;\"><strong>BEEFEATER<\/strong> elige de nuevo las <a href=\"https:\/\/www.vsacomunicacion.com\/circuito-de-pyms-en-barcelona-con-beefeater-in-edit\/\"><strong>pym&#8217;s<\/strong> <\/a>de <strong><span style=\"color: #ff0000;\">VSA<\/span> COMUNICACION<\/strong> para presentarnos su magn\u00edfico Festival de Cine de documentales musicales <strong>IN-EDIT.<\/strong><\/p>\n<p style=\"text-align: justify;\">Tal y como ellos mismos se definen,<a href=\"http:\/\/es.in-edit.org\/\" target=\"_blank\" rel=\"noopener\"><strong> IN-EDIT<\/strong>, que vio la luz el a\u00f1o 2003\u00a0en Barcelona,\u00a0<\/a>es una plataforma de difusi\u00f3n cultural especializada en documental musical y otros g\u00e9neros audiovisuales centrados en el mundo de la m\u00fasica. \u00c9sta puede ser abordada desde cualquier punto de vista o enfoque, ya sea social, ideol\u00f3gico, est\u00e9tico, biogr\u00e1fico, antropol\u00f3gico, etc. El estilo musical principal (si lo hubiera) no influir\u00e1 en los criterios de selecci\u00f3n.<\/p>\n<p style=\"text-align: justify;\"><a href=\"https:\/\/www.vsacomunicacion.com\/wp-content\/uploads\/2017\/02\/pym-barcelona-principe-de-asturias-beefeater-inedit-diciembre-vsa-comunicacion-1.jpg\" rel=\"attachment wp-att-3170\"><img fetchpriority=\"high\" decoding=\"async\" class=\"aligncenter size-full wp-image-3170\" src=\"https:\/\/www.vsacomunicacion.com\/wp-content\/uploads\/2017\/02\/pym-barcelona-principe-de-asturias-beefeater-inedit-diciembre-vsa-comunicacion-1.jpg\" alt=\"pym-barcelona-principe-de-asturias-beefeater-inedit-diciembre-vsa-comunicacion\" width=\"884\" height=\"626\" srcset=\"https:\/\/www.vsacomunicacion.com\/wp-content\/uploads\/2017\/02\/pym-barcelona-principe-de-asturias-beefeater-inedit-diciembre-vsa-comunicacion-1.jpg 884w, https:\/\/www.vsacomunicacion.com\/wp-content\/uploads\/2017\/02\/pym-barcelona-principe-de-asturias-beefeater-inedit-diciembre-vsa-comunicacion-1-300x212.jpg 300w, https:\/\/www.vsacomunicacion.com\/wp-content\/uploads\/2017\/02\/pym-barcelona-principe-de-asturias-beefeater-inedit-diciembre-vsa-comunicacion-1-768x544.jpg 768w\" sizes=\"(max-width: 884px) 100vw, 884px\" \/><\/a><\/p>\n<header class=\"entry-header\">\n<p class=\"entry-title\" style=\"text-align: justify;\"><strong>IN-EDIT<\/strong>, se ha convertido en un evento, que casi podr\u00edamos\u00a0etiquetar de\u00a0obligatorio, para los amantes de la m\u00fasica y del cine. Su \u00faltimo logro ha sido a nivel editorial, sacando\u00a0a la luz un libro que repasa la historia del documental musical y de las vivencias y experiencias de varias personas que\u00a0han asistido a sus festivales y han querido colaborar y formar parte de este nuevo formato.<\/p>\n<p class=\"entry-title\" style=\"text-align: justify;\">BEEFEATER IN-EDIT y <em>BEEFEATER, THIS IS MY LONDON!<\/em><\/p>\n<p class=\"entry-title\">\n<\/header>\n","protected":false},"excerpt":{"rendered":"<p>BEEFEATER elige de nuevo las pym&#8217;s de VSA COMUNICACION para presentarnos su magn\u00edfico Festival de Cine de documentales musicales IN-EDIT. Tal y como ellos mismos se definen, IN-EDIT, que vio la luz el a\u00f1o 2003\u00a0en Barcelona,\u00a0es una plataforma de difusi\u00f3n [&hellip;]<\/p>\n","protected":false},"author":3,"featured_media":7369,"comment_status":"open","ping_status":"open","sticky":false,"template":"","format":"standard","meta":{"inline_featured_image":false,"footnotes":""},"categories":[1506,1593],"tags":[1516,1858,2270,1664,1781,1694,1565,1585,1586,1702,1671],"class_list":["post-12111","post","type-post","status-publish","format-standard","has-post-thumbnail","hentry","category-barcelona-en","category-pyms-en","tag-barcelona-en","tag-beefeater-en","tag-beefeater-in-edit-en","tag-campana-publicitaria-en","tag-circuito-urbano-en","tag-gran-notoriedad-en","tag-publicidad-ciudades-en","tag-publicidad-exterior-en","tag-publicidad-urbana-en","tag-pyms-barcelona-en","tag-trafico-rodado-en"],"_links":{"self":[{"href":"https:\/\/www.vsacomunicacion.com\/en\/wp-json\/wp\/v2\/posts\/12111"}],"collection":[{"href":"https:\/\/www.vsacomunicacion.com\/en\/wp-json\/wp\/v2\/posts"}],"about":[{"href":"https:\/\/www.vsacomunicacion.com\/en\/wp-json\/wp\/v2\/types\/post"}],"author":[{"embeddable":true,"href":"https:\/\/www.vsacomunicacion.com\/en\/wp-json\/wp\/v2\/users\/3"}],"replies":[{"embeddable":true,"href":"https:\/\/www.vsacomunicacion.com\/en\/wp-json\/wp\/v2\/comments?post=12111"}],"version-history":[{"count":0,"href":"https:\/\/www.vsacomunicacion.com\/en\/wp-json\/wp\/v2\/posts\/12111\/revisions"}],"wp:featuredmedia":[{"embeddable":true,"href":"https:\/\/www.vsacomunicacion.com\/en\/wp-json\/wp\/v2\/media\/7369"}],"wp:attachment":[{"href":"https:\/\/www.vsacomunicacion.com\/en\/wp-json\/wp\/v2\/media?parent=12111"}],"wp:term":[{"taxonomy":"category","embeddable":true,"href":"https:\/\/www.vsacomunicacion.com\/en\/wp-json\/wp\/v2\/categories?post=12111"},{"taxonomy":"post_tag","embeddable":true,"href":"https:\/\/www.vsacomunicacion.com\/en\/wp-json\/wp\/v2\/tags?post=12111"}],"curies":[{"name":"wp","href":"https:\/\/api.w.org\/{rel}","templated":true}]}}