{"id":12123,"date":"2017-01-02T09:40:38","date_gmt":"2017-01-02T09:40:38","guid":{"rendered":"https:\/\/www.vsacomunicacion.com\/circuito-de-opis-del-ministeri-de-cultura-del-govern-dandorra\/"},"modified":"2017-01-02T09:40:38","modified_gmt":"2017-01-02T09:40:38","slug":"circuito-de-opis-del-ministeri-de-cultura-del-govern-dandorra","status":"publish","type":"post","link":"https:\/\/www.vsacomunicacion.com\/en\/circuito-de-opis-del-ministeri-de-cultura-del-govern-dandorra\/","title":{"rendered":"Circuito de Opis del &#8220;Ministeri de Cultura del Govern d&#8217;Andorra&#8221;"},"content":{"rendered":"<p style=\"text-align: justify;\">El <strong>Ministeri de Cultura del Govern d&#8217;Andorra<\/strong> nos presenta, a trav\u00e9s del fant\u00e1stico circuito de Opis de<strong><span style=\"color: #ff0000;\"> VSA<\/span> COMUNICI\u00d3N<\/strong> en la Parroquia de Andorra la Vella, la programaci\u00f3n para este a\u00f1o del<strong> Auditori Nacional d&#8217;Andorra<\/strong>, situado en el municipio de Ordino.<\/p>\n<p style=\"text-align: justify;\"><a href=\"https:\/\/www.vsacomunicacion.com\/wp-content\/uploads\/2017\/01\/mobiliario-urbano-oppi-publicidad-exterior-ministeri-de-cultura-govern-andorra-la-vella-vsa-comunicacion.jpg\" rel=\"attachment wp-att-3135\"><img fetchpriority=\"high\" decoding=\"async\" class=\"aligncenter size-full wp-image-3135\" src=\"https:\/\/www.vsacomunicacion.com\/wp-content\/uploads\/2017\/01\/mobiliario-urbano-oppi-publicidad-exterior-ministeri-de-cultura-govern-andorra-la-vella-vsa-comunicacion.jpg\" alt=\"mobiliario-urbano-oppi-publicidad-exterior-ministeri-de-cultura-govern-andorra-la-vella-vsa-comunicacion\" width=\"894\" height=\"626\" srcset=\"https:\/\/www.vsacomunicacion.com\/wp-content\/uploads\/2017\/01\/mobiliario-urbano-oppi-publicidad-exterior-ministeri-de-cultura-govern-andorra-la-vella-vsa-comunicacion.jpg 894w, https:\/\/www.vsacomunicacion.com\/wp-content\/uploads\/2017\/01\/mobiliario-urbano-oppi-publicidad-exterior-ministeri-de-cultura-govern-andorra-la-vella-vsa-comunicacion-300x210.jpg 300w, https:\/\/www.vsacomunicacion.com\/wp-content\/uploads\/2017\/01\/mobiliario-urbano-oppi-publicidad-exterior-ministeri-de-cultura-govern-andorra-la-vella-vsa-comunicacion-768x538.jpg 768w\" sizes=\"(max-width: 894px) 100vw, 894px\" \/><\/a><\/p>\n<p style=\"text-align: justify;\">El\u00a0<strong>Ministerio de Cultura del Gobierno de Andorra<\/strong> nos ha preparado una cartelera de lo m\u00e1s completa para este 2017. Podremos contar con la presencia de artistas de la talla de: <strong>Ara Malikian<\/strong>, el famoso violinista de origen liban\u00e9s afincado en Espa\u00f1a, <strong>Macaco<\/strong>, haci\u00e9ndonos disfrutar de hits tan conocidos como su &#8220;Moving&#8221; en una versi\u00f3n m\u00e1s semi ac\u00fastica, viviremos la presentaci\u00f3n oficial del \u00faltimo trabajo discogr\u00e1fico del m\u00fasico de referencia en el Principado de Andorra, <strong>David Mic\u00f3<\/strong>, y no nos olvidemos de los amantes del flamenco, que\u00a0no pueden perderse al siempre extraordinario <strong>Jos\u00e9 Merc\u00e9.\u00a0<\/strong><\/p>\n<p style=\"text-align: justify;\"><a href=\"https:\/\/www.vsacomunicacion.com\/wp-content\/uploads\/2017\/01\/mobiliario-urbano-oppi-publicidad-exterior-ministeri-de-cultura-2-govern-andorra-la-vella-vsa-comunicacion.jpg\" rel=\"attachment wp-att-3137\"><img decoding=\"async\" class=\"aligncenter size-full wp-image-3137\" src=\"https:\/\/www.vsacomunicacion.com\/wp-content\/uploads\/2017\/01\/mobiliario-urbano-oppi-publicidad-exterior-ministeri-de-cultura-2-govern-andorra-la-vella-vsa-comunicacion.jpg\" alt=\"mobiliario-urbano-oppi-publicidad-exterior-ministeri-de-cultura-2-govern-andorra-la-vella-vsa-comunicacion\" width=\"884\" height=\"626\" srcset=\"https:\/\/www.vsacomunicacion.com\/wp-content\/uploads\/2017\/01\/mobiliario-urbano-oppi-publicidad-exterior-ministeri-de-cultura-2-govern-andorra-la-vella-vsa-comunicacion.jpg 884w, https:\/\/www.vsacomunicacion.com\/wp-content\/uploads\/2017\/01\/mobiliario-urbano-oppi-publicidad-exterior-ministeri-de-cultura-2-govern-andorra-la-vella-vsa-comunicacion-300x212.jpg 300w, https:\/\/www.vsacomunicacion.com\/wp-content\/uploads\/2017\/01\/mobiliario-urbano-oppi-publicidad-exterior-ministeri-de-cultura-2-govern-andorra-la-vella-vsa-comunicacion-768x544.jpg 768w\" sizes=\"(max-width: 884px) 100vw, 884px\" \/><\/a>\u00c9stos, entre muchos otros, formar\u00e1n la fant\u00e1stica cartelera del <strong>Auditori Nacional d&#8217;Andorra<\/strong>. Visita su <a href=\"http:\/\/www.cultura.ad\/auditori-nacional-d-andorra\/programacio\/programacio-2017\" target=\"_blank\" rel=\"noopener\">web<\/a>, cuadra tu agenda y elige tus conciertos preferidos.<\/p>\n<p style=\"text-align: justify;\">\n<p style=\"text-align: justify;\">Agradecer desde <strong><span style=\"color: #ff0000;\">VSA<\/span> COMUNICACI\u00d3N<\/strong> la menci\u00f3n que nos han hecho desde el <strong><a href=\"https:\/\/www.facebook.com\/permalink.php?story_fbid=1259573954097868&amp;id=1171335606255037&amp;ref=notif&amp;notif_t=like&amp;notif_id=1486587420010353\" target=\"_blank\" rel=\"noopener\">Ministeri de Cultura del Govern d&#8217;Andorra<\/a><\/strong>.<\/p>\n<p>&nbsp;<\/p>\n","protected":false},"excerpt":{"rendered":"<p>El Ministeri de Cultura del Govern d&#8217;Andorra nos presenta, a trav\u00e9s del fant\u00e1stico circuito de Opis de VSA COMUNICI\u00d3N en la Parroquia de Andorra la Vella, la programaci\u00f3n para este a\u00f1o del Auditori Nacional d&#8217;Andorra, situado en el municipio de [&hellip;]<\/p>\n","protected":false},"author":3,"featured_media":7360,"comment_status":"open","ping_status":"open","sticky":false,"template":"","format":"standard","meta":{"inline_featured_image":false,"footnotes":""},"categories":[1543,1544],"tags":[1763,1764,1705,1781,2275,2276,2055,2056,2079,1565,1585,1671],"class_list":["post-12123","post","type-post","status-publish","format-standard","has-post-thumbnail","hentry","category-andorra-en","category-mobiliario-urbano-en","tag-andorra-en","tag-andorra-la-vella-en","tag-centro-ciudad-en","tag-circuito-urbano-en","tag-govern-dandorra-en","tag-ministeri-de-cultura-en","tag-mobiliario-urbano-2-en","tag-mobiliario-urbano-andorra-en","tag-opi-en","tag-publicidad-ciudades-en","tag-publicidad-exterior-en","tag-trafico-rodado-en"],"_links":{"self":[{"href":"https:\/\/www.vsacomunicacion.com\/en\/wp-json\/wp\/v2\/posts\/12123"}],"collection":[{"href":"https:\/\/www.vsacomunicacion.com\/en\/wp-json\/wp\/v2\/posts"}],"about":[{"href":"https:\/\/www.vsacomunicacion.com\/en\/wp-json\/wp\/v2\/types\/post"}],"author":[{"embeddable":true,"href":"https:\/\/www.vsacomunicacion.com\/en\/wp-json\/wp\/v2\/users\/3"}],"replies":[{"embeddable":true,"href":"https:\/\/www.vsacomunicacion.com\/en\/wp-json\/wp\/v2\/comments?post=12123"}],"version-history":[{"count":0,"href":"https:\/\/www.vsacomunicacion.com\/en\/wp-json\/wp\/v2\/posts\/12123\/revisions"}],"wp:featuredmedia":[{"embeddable":true,"href":"https:\/\/www.vsacomunicacion.com\/en\/wp-json\/wp\/v2\/media\/7360"}],"wp:attachment":[{"href":"https:\/\/www.vsacomunicacion.com\/en\/wp-json\/wp\/v2\/media?parent=12123"}],"wp:term":[{"taxonomy":"category","embeddable":true,"href":"https:\/\/www.vsacomunicacion.com\/en\/wp-json\/wp\/v2\/categories?post=12123"},{"taxonomy":"post_tag","embeddable":true,"href":"https:\/\/www.vsacomunicacion.com\/en\/wp-json\/wp\/v2\/tags?post=12123"}],"curies":[{"name":"wp","href":"https:\/\/api.w.org\/{rel}","templated":true}]}}