{"id":12124,"date":"2016-12-20T03:45:48","date_gmt":"2016-12-20T03:45:48","guid":{"rendered":"https:\/\/www.vsacomunicacion.com\/lona-publicitaria-smart-en-barcelona\/"},"modified":"2016-12-20T03:45:48","modified_gmt":"2016-12-20T03:45:48","slug":"lona-publicitaria-smart-en-barcelona","status":"publish","type":"post","link":"https:\/\/www.vsacomunicacion.com\/en\/lona-publicitaria-smart-en-barcelona\/","title":{"rendered":"Lona Publicitaria SMART en Barcelona"},"content":{"rendered":"<p style=\"text-align: justify;\"><strong>VSA COMUNICACI\u00d3N<\/strong> da el pistoletazo de salida a su\u00a0emplazamiento Premium en la zona alta de Barcelona, concretamente en la Avenida <strong>Pau Casals<\/strong>\u00a0junto a la <strong>Plaza Francesc Macia<\/strong>, con una fant\u00e1stica<strong> lona publicitaria<\/strong> de<strong> SMART<\/strong>\u00a0y sus <strong>#smartlovers.<\/strong><\/p>\n<p><a href=\"https:\/\/www.vsacomunicacion.com\/wp-content\/uploads\/2016\/12\/lona-publicitaria-barcelona-avenida-pau-casals-4-lejos-smart-mercedes-vsa-comunicacion.jpg\" rel=\"attachment wp-att-3113\"><img fetchpriority=\"high\" decoding=\"async\" class=\"aligncenter size-full wp-image-3113\" src=\"https:\/\/www.vsacomunicacion.com\/wp-content\/uploads\/2016\/12\/lona-publicitaria-barcelona-avenida-pau-casals-4-lejos-smart-mercedes-vsa-comunicacion.jpg\" alt=\"lona-publicitaria-barcelona-avenida-pau-casals-4-lejos-smart-mercedes-vsa-comunicacion\" width=\"884\" height=\"626\" srcset=\"https:\/\/www.vsacomunicacion.com\/wp-content\/uploads\/2016\/12\/lona-publicitaria-barcelona-avenida-pau-casals-4-lejos-smart-mercedes-vsa-comunicacion.jpg 884w, https:\/\/www.vsacomunicacion.com\/wp-content\/uploads\/2016\/12\/lona-publicitaria-barcelona-avenida-pau-casals-4-lejos-smart-mercedes-vsa-comunicacion-300x212.jpg 300w, https:\/\/www.vsacomunicacion.com\/wp-content\/uploads\/2016\/12\/lona-publicitaria-barcelona-avenida-pau-casals-4-lejos-smart-mercedes-vsa-comunicacion-768x544.jpg 768w\" sizes=\"(max-width: 884px) 100vw, 884px\" \/><\/a><\/p>\n<p style=\"text-align: justify;\"><strong>MERCEDES BENZ ESPA\u00d1A<\/strong> inici\u00f3 hace varios meses la famosa campa\u00f1a <strong>#smartlovers<\/strong>\u00a0de la que est\u00e1n siendo\u00a0protagonistas sus fant\u00e1sticos veh\u00edculos y un sinf\u00edn de celebrities del mundo de la moda, de la televisi\u00f3n, de la alta cocina&#8230;. Todos ellos locamente enamorados de su SMART,<strong>\u00a0<\/strong>compartiendo divertidos momentos y experiencias.<\/p>\n<p style=\"text-align: justify;\">Sin duda, el amor entre ellos est\u00e1 en el aire&#8230;<\/p>\n<p><a href=\"https:\/\/www.vsacomunicacion.com\/wp-content\/uploads\/2016\/12\/lona-publicitaria-barcelona-avenida-pau-casals-4-cerca-smart-mercedes-vsa-comunicacion.jpg\" rel=\"attachment wp-att-3114\"><img decoding=\"async\" class=\"aligncenter size-full wp-image-3114\" src=\"https:\/\/www.vsacomunicacion.com\/wp-content\/uploads\/2016\/12\/lona-publicitaria-barcelona-avenida-pau-casals-4-cerca-smart-mercedes-vsa-comunicacion.jpg\" alt=\"lona-publicitaria-barcelona-avenida-pau-casals-4-cerca-smart-mercedes-vsa-comunicacion\" width=\"884\" height=\"626\" srcset=\"https:\/\/www.vsacomunicacion.com\/wp-content\/uploads\/2016\/12\/lona-publicitaria-barcelona-avenida-pau-casals-4-cerca-smart-mercedes-vsa-comunicacion.jpg 884w, https:\/\/www.vsacomunicacion.com\/wp-content\/uploads\/2016\/12\/lona-publicitaria-barcelona-avenida-pau-casals-4-cerca-smart-mercedes-vsa-comunicacion-300x212.jpg 300w, https:\/\/www.vsacomunicacion.com\/wp-content\/uploads\/2016\/12\/lona-publicitaria-barcelona-avenida-pau-casals-4-cerca-smart-mercedes-vsa-comunicacion-768x544.jpg 768w\" sizes=\"(max-width: 884px) 100vw, 884px\" \/><\/a><\/p>\n<p style=\"text-align: justify;\">Desde <strong>VSA COMUNICACI\u00d3N<\/strong> te animamos a que acudas a tu punto de venta<a href=\"https:\/\/www.smart.com\/es\/dealers\/smartcenter-mb-madrid\/es\/index.html\" target=\"_blank\" rel=\"noopener\"> SMART-MERCEDES BENZ<\/a> m\u00e1s cercano y pruebes el modelo SMART que m\u00e1s te guste, ya sea el <strong>Smartfortwo<\/strong>, disponible tanto en versi\u00f3n normal como\u00a0cabrio, o el <strong>Smartforfour<\/strong>. Y qui\u00e9n sabe.. \u00bfSer\u00e1s t\u00fa el pr\u00f3ximo <strong>#SMARTLOVER<\/strong>?<\/p>\n","protected":false},"excerpt":{"rendered":"<p>VSA COMUNICACI\u00d3N da el pistoletazo de salida a su\u00a0emplazamiento Premium en la zona alta de Barcelona, concretamente en la Avenida Pau Casals\u00a0junto a la Plaza Francesc Macia, con una fant\u00e1stica lona publicitaria de SMART\u00a0y sus #smartlovers. MERCEDES BENZ ESPA\u00d1A inici\u00f3 [&hellip;]<\/p>\n","protected":false},"author":3,"featured_media":7357,"comment_status":"open","ping_status":"open","sticky":false,"template":"","format":"standard","meta":{"inline_featured_image":false,"footnotes":""},"categories":[1506,1488],"tags":[2277,1704,1516,1705,1706,1708,1694,1609,1581,2278,1585,1599,1586,2279,1671],"class_list":["post-12124","post","type-post","status-publish","format-standard","has-post-thumbnail","hentry","category-barcelona-en","category-lonas-publicitarias-en","tag-smartlovers-en","tag-alto-prestigio-publicitario-en","tag-barcelona-en","tag-centro-ciudad-en","tag-emplazamiento-premium-en","tag-formato-espectacular-en","tag-gran-notoriedad-en","tag-lonas-publicitarias-2-en","tag-lonas-publicitarias-barcelona-en","tag-mercedes-benz-en","tag-publicidad-exterior-en","tag-publicidad-gran-formato-en","tag-publicidad-urbana-en","tag-smart-en","tag-trafico-rodado-en"],"_links":{"self":[{"href":"https:\/\/www.vsacomunicacion.com\/en\/wp-json\/wp\/v2\/posts\/12124"}],"collection":[{"href":"https:\/\/www.vsacomunicacion.com\/en\/wp-json\/wp\/v2\/posts"}],"about":[{"href":"https:\/\/www.vsacomunicacion.com\/en\/wp-json\/wp\/v2\/types\/post"}],"author":[{"embeddable":true,"href":"https:\/\/www.vsacomunicacion.com\/en\/wp-json\/wp\/v2\/users\/3"}],"replies":[{"embeddable":true,"href":"https:\/\/www.vsacomunicacion.com\/en\/wp-json\/wp\/v2\/comments?post=12124"}],"version-history":[{"count":0,"href":"https:\/\/www.vsacomunicacion.com\/en\/wp-json\/wp\/v2\/posts\/12124\/revisions"}],"wp:featuredmedia":[{"embeddable":true,"href":"https:\/\/www.vsacomunicacion.com\/en\/wp-json\/wp\/v2\/media\/7357"}],"wp:attachment":[{"href":"https:\/\/www.vsacomunicacion.com\/en\/wp-json\/wp\/v2\/media?parent=12124"}],"wp:term":[{"taxonomy":"category","embeddable":true,"href":"https:\/\/www.vsacomunicacion.com\/en\/wp-json\/wp\/v2\/categories?post=12124"},{"taxonomy":"post_tag","embeddable":true,"href":"https:\/\/www.vsacomunicacion.com\/en\/wp-json\/wp\/v2\/tags?post=12124"}],"curies":[{"name":"wp","href":"https:\/\/api.w.org\/{rel}","templated":true}]}}