{"id":12125,"date":"2016-12-17T05:46:38","date_gmt":"2016-12-17T05:46:38","guid":{"rendered":"https:\/\/www.vsacomunicacion.com\/pyms-de-andorra-la-vella-en-madrid\/"},"modified":"2016-12-17T05:46:38","modified_gmt":"2016-12-17T05:46:38","slug":"pyms-de-andorra-la-vella-en-madrid","status":"publish","type":"post","link":"https:\/\/www.vsacomunicacion.com\/en\/pyms-de-andorra-la-vella-en-madrid\/","title":{"rendered":"Pym&#8217;s de Andorra la Vella en Madrid"},"content":{"rendered":"<p style=\"text-align: justify;\">Hab\u00edamos podido disfrutar del circuito de publicidad exterior de <strong>ANDORRA LA VELLA <\/strong>a trav\u00e9s de\u00a0las<a href=\"https:\/\/www.vsacomunicacion.com\/pym-de-andorra-en-barcelona\/\">\u00a0Pym&#8217;s<\/a> de <strong><span style=\"color: #ff0000;\">VSA<\/span> COMUNICACION<\/strong> en Barcelona, pero es la primera vez que el buc\u00f3lico Principado de Andorra ha estado en nuestras <strong>Pym&#8217;s<\/strong> de la ciudad de <strong>Madrid<\/strong>,\u00a0estamos encantados de poder incrementar nuestros soportes publicitarios.<\/p>\n<p><a href=\"https:\/\/www.vsacomunicacion.com\/wp-content\/uploads\/2017\/02\/pym-madrid-acacias-andorra-diciembre-vsa-comunicacion.jpg\" rel=\"attachment wp-att-3174\"><img fetchpriority=\"high\" decoding=\"async\" class=\"aligncenter size-full wp-image-3174\" src=\"https:\/\/www.vsacomunicacion.com\/wp-content\/uploads\/2017\/02\/pym-madrid-acacias-andorra-diciembre-vsa-comunicacion.jpg\" alt=\"pym-madrid-acacias-andorra-diciembre-vsa-comunicacion\" width=\"884\" height=\"626\" srcset=\"https:\/\/www.vsacomunicacion.com\/wp-content\/uploads\/2017\/02\/pym-madrid-acacias-andorra-diciembre-vsa-comunicacion.jpg 884w, https:\/\/www.vsacomunicacion.com\/wp-content\/uploads\/2017\/02\/pym-madrid-acacias-andorra-diciembre-vsa-comunicacion-300x212.jpg 300w, https:\/\/www.vsacomunicacion.com\/wp-content\/uploads\/2017\/02\/pym-madrid-acacias-andorra-diciembre-vsa-comunicacion-768x544.jpg 768w\" sizes=\"(max-width: 884px) 100vw, 884px\" \/><\/a><\/p>\n<p style=\"text-align: justify;\">Si lo que quer\u00e9is estas Navidades es realizar circuitos culturales, Andorra La Vella es vuestro lugar. Podr\u00e9is pasear por los lugares m\u00e1s entra\u00f1ables de su historia y os ayudar\u00e1n a organizar el itinerario que m\u00e1s se adapta a lo que busc\u00e1is, \u00a0ya sea arquitectura, museos, descubrid todo su patrimonio hist\u00f3rico y cultural.<\/p>\n<p style=\"text-align: justify;\">\u00bfPrefer\u00eds\u00a0la gastronom\u00eda? Su cocina est\u00e1 basada en la\u00a0cocina de monta\u00f1a tradicional, no pod\u00e9is decir que hab\u00e9is estado en Andorra la Vella y no haber probado una buena\u00a0<em>escudella<\/em> o su tradicional\u00a0<em>trinxat<\/em>, los platos m\u00e1s t\u00edpicos de la zona.<\/p>\n<p style=\"text-align: justify;\">Visita su <a href=\"http:\/\/www.andorralavella.ad\/?q=fr\" target=\"_blank\" rel=\"noopener\">p\u00e1gina web<\/a> y..\u00a0<em>VEN A ANDORRA POR NAVIDAD Y HAZ REALIDAD TUS\u00a0MEJORES DESEOS!!<\/em><\/p>\n","protected":false},"excerpt":{"rendered":"<p>Hab\u00edamos podido disfrutar del circuito de publicidad exterior de ANDORRA LA VELLA a trav\u00e9s de\u00a0las\u00a0Pym&#8217;s de VSA COMUNICACION en Barcelona, pero es la primera vez que el buc\u00f3lico Principado de Andorra ha estado en nuestras Pym&#8217;s de la ciudad de [&hellip;]<\/p>\n","protected":false},"author":3,"featured_media":7370,"comment_status":"open","ping_status":"open","sticky":false,"template":"","format":"standard","meta":{"inline_featured_image":false,"footnotes":""},"categories":[1543,1593],"tags":[1763,1764,1664,1781,1694,1499,1565,1585,1586,1676,1677,1671],"class_list":["post-12125","post","type-post","status-publish","format-standard","has-post-thumbnail","hentry","category-andorra-en","category-pyms-en","tag-andorra-en","tag-andorra-la-vella-en","tag-campana-publicitaria-en","tag-circuito-urbano-en","tag-gran-notoriedad-en","tag-madrid-en","tag-publicidad-ciudades-en","tag-publicidad-exterior-en","tag-publicidad-urbana-en","tag-pyms-2-en","tag-pyms-madrid-en","tag-trafico-rodado-en"],"_links":{"self":[{"href":"https:\/\/www.vsacomunicacion.com\/en\/wp-json\/wp\/v2\/posts\/12125"}],"collection":[{"href":"https:\/\/www.vsacomunicacion.com\/en\/wp-json\/wp\/v2\/posts"}],"about":[{"href":"https:\/\/www.vsacomunicacion.com\/en\/wp-json\/wp\/v2\/types\/post"}],"author":[{"embeddable":true,"href":"https:\/\/www.vsacomunicacion.com\/en\/wp-json\/wp\/v2\/users\/3"}],"replies":[{"embeddable":true,"href":"https:\/\/www.vsacomunicacion.com\/en\/wp-json\/wp\/v2\/comments?post=12125"}],"version-history":[{"count":0,"href":"https:\/\/www.vsacomunicacion.com\/en\/wp-json\/wp\/v2\/posts\/12125\/revisions"}],"wp:featuredmedia":[{"embeddable":true,"href":"https:\/\/www.vsacomunicacion.com\/en\/wp-json\/wp\/v2\/media\/7370"}],"wp:attachment":[{"href":"https:\/\/www.vsacomunicacion.com\/en\/wp-json\/wp\/v2\/media?parent=12125"}],"wp:term":[{"taxonomy":"category","embeddable":true,"href":"https:\/\/www.vsacomunicacion.com\/en\/wp-json\/wp\/v2\/categories?post=12125"},{"taxonomy":"post_tag","embeddable":true,"href":"https:\/\/www.vsacomunicacion.com\/en\/wp-json\/wp\/v2\/tags?post=12125"}],"curies":[{"name":"wp","href":"https:\/\/api.w.org\/{rel}","templated":true}]}}