{"id":12129,"date":"2016-12-05T02:32:13","date_gmt":"2016-12-05T02:32:13","guid":{"rendered":"https:\/\/www.vsacomunicacion.com\/lona-publicitaria-de-nespresso-en-el-paseo-de-gracia\/"},"modified":"2016-12-05T02:32:13","modified_gmt":"2016-12-05T02:32:13","slug":"lona-publicitaria-de-nespresso-en-el-paseo-de-gracia","status":"publish","type":"post","link":"https:\/\/www.vsacomunicacion.com\/en\/lona-publicitaria-de-nespresso-en-el-paseo-de-gracia\/","title":{"rendered":"Lona Publicitaria de NESPRESSO en el Paseo de Gracia"},"content":{"rendered":"<p style=\"text-align: justify;\">En <strong><span style=\"color: #ff0000;\">VSA<\/span> COMUNICACI\u00d3N<\/strong>\u00a0nos alegra comunicaros\u00a0que estrenamos emplazamiento y <strong>lona publicitaria<\/strong> en <strong>Barcelona<\/strong>, en el c\u00e9ntrico y siempre elegante, <strong>Paseo de Gracia<\/strong>, con<strong> NESPRESSO<\/strong>, referente en el sector del caf\u00e9 y pionero en el caf\u00e9 por c\u00e1psulas, producidas en Suiza, que hoy en d\u00eda utilizamos todos gracias a su comodidad y gran calidad.<\/p>\n<p><a href=\"https:\/\/www.vsacomunicacion.com\/wp-content\/uploads\/2017\/01\/lona-publicitaria-barcelona-paseo-de-gracia-55-nespresso-vsa-comunicacion.jpg\" rel=\"attachment wp-att-3101\"><img fetchpriority=\"high\" decoding=\"async\" class=\"aligncenter size-full wp-image-3101\" src=\"https:\/\/www.vsacomunicacion.com\/wp-content\/uploads\/2017\/01\/lona-publicitaria-barcelona-paseo-de-gracia-55-nespresso-vsa-comunicacion.jpg\" alt=\"lona-publicitaria-barcelona-paseo-de-gracia-55-nespresso-vsa-comunicacion\" width=\"884\" height=\"626\" srcset=\"https:\/\/www.vsacomunicacion.com\/wp-content\/uploads\/2017\/01\/lona-publicitaria-barcelona-paseo-de-gracia-55-nespresso-vsa-comunicacion.jpg 884w, https:\/\/www.vsacomunicacion.com\/wp-content\/uploads\/2017\/01\/lona-publicitaria-barcelona-paseo-de-gracia-55-nespresso-vsa-comunicacion-300x212.jpg 300w, https:\/\/www.vsacomunicacion.com\/wp-content\/uploads\/2017\/01\/lona-publicitaria-barcelona-paseo-de-gracia-55-nespresso-vsa-comunicacion-768x544.jpg 768w\" sizes=\"(max-width: 884px) 100vw, 884px\" \/><\/a><\/p>\n<p style=\"text-align: justify;\"><strong>NESPRESSO<\/strong> naci\u00f3 en 1986 con un objetivo muy simple, permitir a todo el mundo preparar la perfecta taza de caf\u00e9 espresso, revolucionando a todo el mundo de c\u00f3mo disfrutar de la forma m\u00e1s sencilla del mejor caf\u00e9.<\/p>\n<p style=\"text-align: justify;\">Su idea se centra \u00fanicamente en facilitar a sus clientes caf\u00e9s de la m\u00e1s alta calidad y multitud de experiencias gracias a la amplia gama\u00a0de sabores que\u00a0nos ofrecen.<\/p>\n<p style=\"text-align: justify;\">Uniendo la m\u00e1quina NESPRESSO y\u00a0el caf\u00e9 NESPRESSO garantizamos un resultado de la m\u00e1xima calidad.<\/p>\n<p style=\"text-align: justify;\">\u00bfCu\u00e1l es tu sabor preferido? \u00bfRoma? \u00bfRistretto? \u00bfDescafeinado? \u00bfO quiz\u00e1 prefieres experimentar\u00a0con sabores m\u00e1s lejanos como el Indrya de la India o el Cafezinho de Brasil?<\/p>\n<p style=\"text-align: justify;\"><em>NESPRESSO, nueve letras de car\u00e1cter incomparable!!<\/em><\/p>\n<p>&nbsp;<\/p>\n<p>&nbsp;<\/p>\n","protected":false},"excerpt":{"rendered":"<p>En VSA COMUNICACI\u00d3N\u00a0nos alegra comunicaros\u00a0que estrenamos emplazamiento y lona publicitaria en Barcelona, en el c\u00e9ntrico y siempre elegante, Paseo de Gracia, con NESPRESSO, referente en el sector del caf\u00e9 y pionero en el caf\u00e9 por c\u00e1psulas, producidas en Suiza, que [&hellip;]<\/p>\n","protected":false},"author":3,"featured_media":7354,"comment_status":"open","ping_status":"open","sticky":false,"template":"","format":"standard","meta":{"inline_featured_image":false,"footnotes":""},"categories":[1506,1488],"tags":[1704,1516,1705,1706,1701,1693,1694,1609,1581,2282,1585,1586,1671,2283],"class_list":["post-12129","post","type-post","status-publish","format-standard","has-post-thumbnail","hentry","category-barcelona-en","category-lonas-publicitarias-en","tag-alto-prestigio-publicitario-en","tag-barcelona-en","tag-centro-ciudad-en","tag-emplazamiento-premium-en","tag-espectacular-en","tag-gran-formato-en","tag-gran-notoriedad-en","tag-lonas-publicitarias-2-en","tag-lonas-publicitarias-barcelona-en","tag-nespresso-en","tag-publicidad-exterior-en","tag-publicidad-urbana-en","tag-trafico-rodado-en","tag-what-else-en"],"_links":{"self":[{"href":"https:\/\/www.vsacomunicacion.com\/en\/wp-json\/wp\/v2\/posts\/12129"}],"collection":[{"href":"https:\/\/www.vsacomunicacion.com\/en\/wp-json\/wp\/v2\/posts"}],"about":[{"href":"https:\/\/www.vsacomunicacion.com\/en\/wp-json\/wp\/v2\/types\/post"}],"author":[{"embeddable":true,"href":"https:\/\/www.vsacomunicacion.com\/en\/wp-json\/wp\/v2\/users\/3"}],"replies":[{"embeddable":true,"href":"https:\/\/www.vsacomunicacion.com\/en\/wp-json\/wp\/v2\/comments?post=12129"}],"version-history":[{"count":0,"href":"https:\/\/www.vsacomunicacion.com\/en\/wp-json\/wp\/v2\/posts\/12129\/revisions"}],"wp:featuredmedia":[{"embeddable":true,"href":"https:\/\/www.vsacomunicacion.com\/en\/wp-json\/wp\/v2\/media\/7354"}],"wp:attachment":[{"href":"https:\/\/www.vsacomunicacion.com\/en\/wp-json\/wp\/v2\/media?parent=12129"}],"wp:term":[{"taxonomy":"category","embeddable":true,"href":"https:\/\/www.vsacomunicacion.com\/en\/wp-json\/wp\/v2\/categories?post=12129"},{"taxonomy":"post_tag","embeddable":true,"href":"https:\/\/www.vsacomunicacion.com\/en\/wp-json\/wp\/v2\/tags?post=12129"}],"curies":[{"name":"wp","href":"https:\/\/api.w.org\/{rel}","templated":true}]}}