{"id":12130,"date":"2016-12-01T12:37:32","date_gmt":"2016-12-01T12:37:32","guid":{"rendered":"https:\/\/www.vsacomunicacion.com\/pym-de-andorra-en-barcelona\/"},"modified":"2016-12-01T12:37:32","modified_gmt":"2016-12-01T12:37:32","slug":"pym-de-andorra-en-barcelona","status":"publish","type":"post","link":"https:\/\/www.vsacomunicacion.com\/en\/pym-de-andorra-en-barcelona\/","title":{"rendered":"Pym de Andorra en Barcelona"},"content":{"rendered":"<p style=\"text-align: justify;\">Un a\u00f1o m\u00e1s podemos disfrutar de una fant\u00e1stica campa\u00f1a de publicidad exterior de <strong>ANDORRA LA VELLA<\/strong> en el <a href=\"https:\/\/www.vsacomunicacion.com\/index.php\/tag\/pyms-barcelona\"><strong>Circuito de Pym&#8217;s<\/strong> <\/a>de <strong><span style=\"color: #ff0000;\">VSA<\/span> COMUNICACION<\/strong> en la ciudad de <strong>Barcelona<\/strong>.<\/p>\n<p style=\"text-align: justify;\"><strong>ANDORRA LA VELLA<\/strong>, es la capital m\u00e1s alta de Europa, y est\u00e1 formada por 3 n\u00facleos urbanos: la Margineda, Santa Coloma y Andorra la Vella, capital del Principado de Andorra.<\/p>\n<p>&nbsp;<\/p>\n<p><a href=\"https:\/\/www.vsacomunicacion.com\/wp-content\/uploads\/2017\/02\/pym-barcelona-josep-tarradellas-andorral-vsa-comunicacion.jpg\" rel=\"attachment wp-att-3164\"><img fetchpriority=\"high\" decoding=\"async\" class=\"aligncenter size-full wp-image-3164\" src=\"https:\/\/www.vsacomunicacion.com\/wp-content\/uploads\/2017\/02\/pym-barcelona-josep-tarradellas-andorral-vsa-comunicacion.jpg\" alt=\"pym-barcelona-josep-tarradellas-andorra-vsa-comunicacion\" width=\"884\" height=\"626\" srcset=\"https:\/\/www.vsacomunicacion.com\/wp-content\/uploads\/2017\/02\/pym-barcelona-josep-tarradellas-andorral-vsa-comunicacion.jpg 884w, https:\/\/www.vsacomunicacion.com\/wp-content\/uploads\/2017\/02\/pym-barcelona-josep-tarradellas-andorral-vsa-comunicacion-300x212.jpg 300w, https:\/\/www.vsacomunicacion.com\/wp-content\/uploads\/2017\/02\/pym-barcelona-josep-tarradellas-andorral-vsa-comunicacion-768x544.jpg 768w\" sizes=\"(max-width: 884px) 100vw, 884px\" \/><\/a><\/p>\n<p style=\"text-align: justify;\">El Com\u00fa de <strong>ANDORRA LA VELLA<\/strong> os invita a visitarlos, la capital de las ilusiones, donde todos tus deseos podr\u00e1n hacerse realidad. Disponen de una agenda cultural incre\u00edble, unos parajes ideales para hacer todo tipo de deportes al aire libre, una oferta gastron\u00f3mica incre\u00edble y, c\u00f3mo no, un sinf\u00edn de tiendas en las que encontrar\u00e1s todo lo que necesites.<\/p>\n<p style=\"text-align: justify;\"><em>Ven a Andorra por Navidad y haz realidad tus mejores deseos!!<\/em><\/p>\n","protected":false},"excerpt":{"rendered":"<p>Un a\u00f1o m\u00e1s podemos disfrutar de una fant\u00e1stica campa\u00f1a de publicidad exterior de ANDORRA LA VELLA en el Circuito de Pym&#8217;s de VSA COMUNICACION en la ciudad de Barcelona. ANDORRA LA VELLA, es la capital m\u00e1s alta de Europa, y [&hellip;]<\/p>\n","protected":false},"author":3,"featured_media":7367,"comment_status":"open","ping_status":"open","sticky":false,"template":"","format":"standard","meta":{"inline_featured_image":false,"footnotes":""},"categories":[1506,1593],"tags":[1763,1764,1516,1664,1705,1781,1694,1565,1585,1586,1676,1702,1671],"class_list":["post-12130","post","type-post","status-publish","format-standard","has-post-thumbnail","hentry","category-barcelona-en","category-pyms-en","tag-andorra-en","tag-andorra-la-vella-en","tag-barcelona-en","tag-campana-publicitaria-en","tag-centro-ciudad-en","tag-circuito-urbano-en","tag-gran-notoriedad-en","tag-publicidad-ciudades-en","tag-publicidad-exterior-en","tag-publicidad-urbana-en","tag-pyms-2-en","tag-pyms-barcelona-en","tag-trafico-rodado-en"],"_links":{"self":[{"href":"https:\/\/www.vsacomunicacion.com\/en\/wp-json\/wp\/v2\/posts\/12130"}],"collection":[{"href":"https:\/\/www.vsacomunicacion.com\/en\/wp-json\/wp\/v2\/posts"}],"about":[{"href":"https:\/\/www.vsacomunicacion.com\/en\/wp-json\/wp\/v2\/types\/post"}],"author":[{"embeddable":true,"href":"https:\/\/www.vsacomunicacion.com\/en\/wp-json\/wp\/v2\/users\/3"}],"replies":[{"embeddable":true,"href":"https:\/\/www.vsacomunicacion.com\/en\/wp-json\/wp\/v2\/comments?post=12130"}],"version-history":[{"count":0,"href":"https:\/\/www.vsacomunicacion.com\/en\/wp-json\/wp\/v2\/posts\/12130\/revisions"}],"wp:featuredmedia":[{"embeddable":true,"href":"https:\/\/www.vsacomunicacion.com\/en\/wp-json\/wp\/v2\/media\/7367"}],"wp:attachment":[{"href":"https:\/\/www.vsacomunicacion.com\/en\/wp-json\/wp\/v2\/media?parent=12130"}],"wp:term":[{"taxonomy":"category","embeddable":true,"href":"https:\/\/www.vsacomunicacion.com\/en\/wp-json\/wp\/v2\/categories?post=12130"},{"taxonomy":"post_tag","embeddable":true,"href":"https:\/\/www.vsacomunicacion.com\/en\/wp-json\/wp\/v2\/tags?post=12130"}],"curies":[{"name":"wp","href":"https:\/\/api.w.org\/{rel}","templated":true}]}}