{"id":12132,"date":"2016-11-16T12:46:29","date_gmt":"2016-11-16T12:46:29","guid":{"rendered":"https:\/\/www.vsacomunicacion.com\/pym-de-esl-idiomas-en-el-extranjero-en-sevilla\/"},"modified":"2016-11-16T12:46:29","modified_gmt":"2016-11-16T12:46:29","slug":"pym-de-esl-idiomas-en-el-extranjero-en-sevilla","status":"publish","type":"post","link":"https:\/\/www.vsacomunicacion.com\/en\/pym-de-esl-idiomas-en-el-extranjero-en-sevilla\/","title":{"rendered":"Pym de ESL &#8211; Idiomas en el extranjero en Sevilla"},"content":{"rendered":"<p style=\"text-align: justify;\">En el c\u00e9ntrico emplazamiento de la pared medianera de la calle San Francisco Javier de <strong>Sevilla<\/strong> ha vuelto <strong>ESL<\/strong> \u2013 Idiomas en el Extranjero, tu especialista en programas de idiomas.<\/p>\n<p style=\"text-align: justify;\">Este emplazamiento situado en el centro geogr\u00e1fico de la ciudad junto a la facultad de Ciencias Econ\u00f3micas y Empresariales y en el entorno de otros centros de ense\u00f1anza, \u00a0zona de gran tr\u00e1fico y conexi\u00f3n del centro con los distritos de la periferia, forma parte del fant\u00e1stico Circuito de<strong> Pym&#8217;s<\/strong> de <strong>VSA COMUNICACI\u00d3N.<\/p>\n<p style=\"text-align: justify;\"><a href=\"https:\/\/www.vsacomunicacion.com\/wp-content\/uploads\/2016\/11\/pym-sevilla-san-francisco-javier-esl-idiomas-vsa-comunicacion.jpg\" rel=\"attachment wp-att-3044\"><img fetchpriority=\"high\" decoding=\"async\" class=\"aligncenter size-full wp-image-3044\" src=\"https:\/\/www.vsacomunicacion.com\/wp-content\/uploads\/2016\/11\/pym-sevilla-san-francisco-javier-esl-idiomas-vsa-comunicacion.jpg\" alt=\"pym-sevilla-san-francisco-javier-esl-idiomas-vsa-comunicacion\" width=\"884\" height=\"626\" srcset=\"https:\/\/www.vsacomunicacion.com\/wp-content\/uploads\/2016\/11\/pym-sevilla-san-francisco-javier-esl-idiomas-vsa-comunicacion.jpg 884w, https:\/\/www.vsacomunicacion.com\/wp-content\/uploads\/2016\/11\/pym-sevilla-san-francisco-javier-esl-idiomas-vsa-comunicacion-300x212.jpg 300w, https:\/\/www.vsacomunicacion.com\/wp-content\/uploads\/2016\/11\/pym-sevilla-san-francisco-javier-esl-idiomas-vsa-comunicacion-768x544.jpg 768w\" sizes=\"(max-width: 884px) 100vw, 884px\" \/><\/a>Descubre los m\u00e1s de 250 destinos por todo el mundo que <strong>ESL<\/strong> \u2013 Idiomas en el Extranjero ha elegido para ti. Trabajan con escuelas de confianza para ofrecerte los mejores programas de idiomas, adaptados a tus\u00a0expectativas y necesidades individuales.<\/p>\n<p style=\"text-align: justify;\">Tanto si est\u00e1s\u00a0buscando un curso para ni\u00f1os o adolescentes, una escuela de idiomas para adultos, un programa de larga duraci\u00f3n en el extranjero o un curso formativo para profesionales, <strong>ESL<\/strong> \u2013 Idiomas en el Extranjero tiene algo para ti. M\u00e1s de 20 lenguas en los 5 continentes\u2026 \u00a1Sum\u00e9rgete en un mundo de idiomas!<\/p>\n<p style=\"text-align: justify;\">Aprovecha sus<a href=\"https:\/\/www.esl-idiomas.com\/es\/curso-idiomas\/informacion\/eventos\/index.htm#!event-2191\" target=\"_blank\" rel=\"noopener\"> jornadas informativas<\/a> para conocer a uno de\u00a0sus asesores en tu oficina <strong>ESL<\/strong>. Su\u00a0equipo estar\u00e1 encantado de hablar sobre tus\u00a0objetivos y te\u00a0ayudar\u00e1 a organizar una estancia adaptada a tus\u00a0prioridades, intereses y expectativas.<\/p>\n<p style=\"text-align: justify;\">\n","protected":false},"excerpt":{"rendered":"<p>En el c\u00e9ntrico emplazamiento de la pared medianera de la calle San Francisco Javier de Sevilla ha vuelto ESL \u2013 Idiomas en el Extranjero, tu especialista en programas de idiomas. Este emplazamiento situado en el centro geogr\u00e1fico de la ciudad [&hellip;]<\/p>\n","protected":false},"author":3,"featured_media":7347,"comment_status":"open","ping_status":"open","sticky":false,"template":"","format":"standard","meta":{"inline_featured_image":false,"footnotes":""},"categories":[1593,1695],"tags":[1705,2284,1694,2285,1565,1585,1676,1990,1697],"class_list":["post-12132","post","type-post","status-publish","format-standard","has-post-thumbnail","hentry","category-pyms-en","category-sevilla-en","tag-centro-ciudad-en","tag-esl-en","tag-gran-notoriedad-en","tag-idiomas-en-el-extranjero-en","tag-publicidad-ciudades-en","tag-publicidad-exterior-en","tag-pyms-2-en","tag-pyms-sevilla-en","tag-sevilla-en"],"_links":{"self":[{"href":"https:\/\/www.vsacomunicacion.com\/en\/wp-json\/wp\/v2\/posts\/12132"}],"collection":[{"href":"https:\/\/www.vsacomunicacion.com\/en\/wp-json\/wp\/v2\/posts"}],"about":[{"href":"https:\/\/www.vsacomunicacion.com\/en\/wp-json\/wp\/v2\/types\/post"}],"author":[{"embeddable":true,"href":"https:\/\/www.vsacomunicacion.com\/en\/wp-json\/wp\/v2\/users\/3"}],"replies":[{"embeddable":true,"href":"https:\/\/www.vsacomunicacion.com\/en\/wp-json\/wp\/v2\/comments?post=12132"}],"version-history":[{"count":0,"href":"https:\/\/www.vsacomunicacion.com\/en\/wp-json\/wp\/v2\/posts\/12132\/revisions"}],"wp:featuredmedia":[{"embeddable":true,"href":"https:\/\/www.vsacomunicacion.com\/en\/wp-json\/wp\/v2\/media\/7347"}],"wp:attachment":[{"href":"https:\/\/www.vsacomunicacion.com\/en\/wp-json\/wp\/v2\/media?parent=12132"}],"wp:term":[{"taxonomy":"category","embeddable":true,"href":"https:\/\/www.vsacomunicacion.com\/en\/wp-json\/wp\/v2\/categories?post=12132"},{"taxonomy":"post_tag","embeddable":true,"href":"https:\/\/www.vsacomunicacion.com\/en\/wp-json\/wp\/v2\/tags?post=12132"}],"curies":[{"name":"wp","href":"https:\/\/api.w.org\/{rel}","templated":true}]}}