{"id":12139,"date":"2016-11-09T11:09:46","date_gmt":"2016-11-09T11:09:46","guid":{"rendered":"https:\/\/www.vsacomunicacion.com\/lona-publicitaria-del-nuevo-suv-peugeot-3008\/"},"modified":"2016-11-09T11:09:46","modified_gmt":"2016-11-09T11:09:46","slug":"lona-publicitaria-del-nuevo-suv-peugeot-3008","status":"publish","type":"post","link":"https:\/\/www.vsacomunicacion.com\/en\/lona-publicitaria-del-nuevo-suv-peugeot-3008\/","title":{"rendered":"Lona Publicitaria del nuevo SUV PEUGEOT 3008"},"content":{"rendered":"<p style=\"text-align: justify;\">Inauguramos el nuevo Emplazamiento Premium de <strong><span style=\"color: #ff0000;\">VSA<\/span> COMUNICACION<\/strong> en la calle O&#8217;Donnell de <strong>Madrid<\/strong> con una espectacular<strong> lona publicitaria<\/strong>\u00a0del nuevo SUV PEUGEOT 3008 revelando su fuerza y su car\u00e1cter. Con un dise\u00f1o notable, este SUV (Veh\u00edculo Utilitario Deportivo) afirma su robustez sin perder la elegancia.<\/p>\n<p style=\"text-align: justify;\"><a href=\"https:\/\/www.vsacomunicacion.com\/wp-content\/uploads\/2016\/11\/lona-publicitaria-madrid-odonnell-9-peugeot-suv-3008-vsa-comunicacion.jpg\" rel=\"attachment wp-att-2998\"><img fetchpriority=\"high\" decoding=\"async\" class=\"aligncenter size-full wp-image-2998\" src=\"https:\/\/www.vsacomunicacion.com\/wp-content\/uploads\/2016\/11\/lona-publicitaria-madrid-odonnell-9-peugeot-suv-3008-vsa-comunicacion.jpg\" alt=\"lona-publicitaria-madrid-odonnell-9-peugeot-suv-3008-vsa-comunicacion\" width=\"884\" height=\"626\" srcset=\"https:\/\/www.vsacomunicacion.com\/wp-content\/uploads\/2016\/11\/lona-publicitaria-madrid-odonnell-9-peugeot-suv-3008-vsa-comunicacion.jpg 884w, https:\/\/www.vsacomunicacion.com\/wp-content\/uploads\/2016\/11\/lona-publicitaria-madrid-odonnell-9-peugeot-suv-3008-vsa-comunicacion-300x212.jpg 300w, https:\/\/www.vsacomunicacion.com\/wp-content\/uploads\/2016\/11\/lona-publicitaria-madrid-odonnell-9-peugeot-suv-3008-vsa-comunicacion-768x544.jpg 768w\" sizes=\"(max-width: 884px) 100vw, 884px\" \/><\/a><\/p>\n<p style=\"text-align: justify;\">Maxime Picat, CEO de PEUGEOT, afirmaba en el Sal\u00f3n de Par\u00eds, que llevaba esperando 4 a\u00f1os el momento del lanzamiento del nuevo\u00a0SUV PEUGEOT 3008, dise\u00f1ado con la convicci\u00f3n que encarnar\u00eda una nueva experiencia de conducci\u00f3n, no s\u00f3lo desde el punto de vista din\u00e1mico, sino como amplificador de los sentidos.<\/p>\n<p style=\"text-align: justify;\">A bordo del nuevo <strong>SUV PEUGEOT 3008<\/strong>, experimenta un universo sensorial y tecnol\u00f3gico y vive una experiencia de conducci\u00f3n ampliada.<\/p>\n<p style=\"text-align: justify;\">No pierdas la oportunidad de<a href=\"http:\/\/prueba-dinamica.peugeot.es\/nuevo-3008\/suv\/?lcdv16=1PP8SYHCRKB0A0B0&amp;_ga=1.129205765.86412200.1478688766\" target=\"_blank\" rel=\"noopener\"> probar <\/a>tu\u00a0SUV 100%!!<\/p>\n","protected":false},"excerpt":{"rendered":"<p>Inauguramos el nuevo Emplazamiento Premium de VSA COMUNICACION en la calle O&#8217;Donnell de Madrid con una espectacular lona publicitaria\u00a0del nuevo SUV PEUGEOT 3008 revelando su fuerza y su car\u00e1cter. Con un dise\u00f1o notable, este SUV (Veh\u00edculo Utilitario Deportivo) afirma su [&hellip;]<\/p>\n","protected":false},"author":3,"featured_media":7340,"comment_status":"open","ping_status":"open","sticky":false,"template":"","format":"standard","meta":{"inline_featured_image":false,"footnotes":""},"categories":[1488,1489],"tags":[2289,1704,1664,1705,1706,1708,1694,1579,1580,1611,1499,2290,1734,2291,1585,1586,1745,1671],"class_list":["post-12139","post","type-post","status-publish","format-standard","has-post-thumbnail","hentry","category-lonas-publicitarias-en","category-madrid-en","tag-3008-en","tag-alto-prestigio-publicitario-en","tag-campana-publicitaria-en","tag-centro-ciudad-en","tag-emplazamiento-premium-en","tag-formato-espectacular-en","tag-gran-notoriedad-en","tag-lona-gran-formato-en","tag-lona-publicitaria-en","tag-lonas-publicitarias-madrid-en","tag-madrid-en","tag-odonnell-en","tag-peugeot-en","tag-peugeot-3008-en","tag-publicidad-exterior-en","tag-publicidad-urbana-en","tag-suv-en","tag-trafico-rodado-en"],"_links":{"self":[{"href":"https:\/\/www.vsacomunicacion.com\/en\/wp-json\/wp\/v2\/posts\/12139"}],"collection":[{"href":"https:\/\/www.vsacomunicacion.com\/en\/wp-json\/wp\/v2\/posts"}],"about":[{"href":"https:\/\/www.vsacomunicacion.com\/en\/wp-json\/wp\/v2\/types\/post"}],"author":[{"embeddable":true,"href":"https:\/\/www.vsacomunicacion.com\/en\/wp-json\/wp\/v2\/users\/3"}],"replies":[{"embeddable":true,"href":"https:\/\/www.vsacomunicacion.com\/en\/wp-json\/wp\/v2\/comments?post=12139"}],"version-history":[{"count":0,"href":"https:\/\/www.vsacomunicacion.com\/en\/wp-json\/wp\/v2\/posts\/12139\/revisions"}],"wp:featuredmedia":[{"embeddable":true,"href":"https:\/\/www.vsacomunicacion.com\/en\/wp-json\/wp\/v2\/media\/7340"}],"wp:attachment":[{"href":"https:\/\/www.vsacomunicacion.com\/en\/wp-json\/wp\/v2\/media?parent=12139"}],"wp:term":[{"taxonomy":"category","embeddable":true,"href":"https:\/\/www.vsacomunicacion.com\/en\/wp-json\/wp\/v2\/categories?post=12139"},{"taxonomy":"post_tag","embeddable":true,"href":"https:\/\/www.vsacomunicacion.com\/en\/wp-json\/wp\/v2\/tags?post=12139"}],"curies":[{"name":"wp","href":"https:\/\/api.w.org\/{rel}","templated":true}]}}