{"id":12140,"date":"2016-11-07T04:49:58","date_gmt":"2016-11-07T04:49:58","guid":{"rendered":"https:\/\/www.vsacomunicacion.com\/pym-de-nuevo-centro-en-valencia-4\/"},"modified":"2016-11-07T04:49:58","modified_gmt":"2016-11-07T04:49:58","slug":"pym-de-nuevo-centro-en-valencia-4","status":"publish","type":"post","link":"https:\/\/www.vsacomunicacion.com\/en\/pym-de-nuevo-centro-en-valencia-4\/","title":{"rendered":"Pym de NUEVO CENTRO en Valencia"},"content":{"rendered":"<p style=\"text-align: justify;\"><strong><span style=\"color: #ff0000;\">VSA<\/span> COMUNICACION<\/strong> y <strong>NUEVO CENTRO<\/strong>, unidos una vez m\u00e1s a trav\u00e9s de nuestro fant\u00e1stico\u00a0<strong>Circuito de Pym&#8217;s<\/strong> en <strong>Valencia<\/strong>, os invitan a acercaros\u00a0a vuestro Centro Comercial preferido.<\/p>\n<p style=\"text-align: justify;\">En esta ocasi\u00f3n, una vez pasado el verano, aunque no lo parezca, las vacaciones y superada la vuelta al cole&#8230; Llega el oto\u00f1o, y todo lo que conlleva, atardeceres m\u00e1s cortos, la ca\u00edda de las hojas, ropa m\u00e1s c\u00e1lida&#8230; As\u00ed que no dejes que te coja de improviso y renueva tu vestuario en NUEVO CENTRO.<\/p>\n<p style=\"text-align: justify;\"><a href=\"https:\/\/www.vsacomunicacion.com\/wp-content\/uploads\/2016\/10\/pym-valencia-avenida-del-puerto-nuevo-centro-octubre-vsa-comunicacion.jpg\" rel=\"attachment wp-att-2914\"><img fetchpriority=\"high\" decoding=\"async\" class=\"aligncenter size-full wp-image-2914\" src=\"https:\/\/www.vsacomunicacion.com\/wp-content\/uploads\/2016\/10\/pym-valencia-avenida-del-puerto-nuevo-centro-octubre-vsa-comunicacion.jpg\" alt=\"pym-valencia-avenida-del-puerto-nuevo-centro-octubre-vsa-comunicacion\" width=\"884\" height=\"626\" srcset=\"https:\/\/www.vsacomunicacion.com\/wp-content\/uploads\/2016\/10\/pym-valencia-avenida-del-puerto-nuevo-centro-octubre-vsa-comunicacion.jpg 884w, https:\/\/www.vsacomunicacion.com\/wp-content\/uploads\/2016\/10\/pym-valencia-avenida-del-puerto-nuevo-centro-octubre-vsa-comunicacion-300x212.jpg 300w, https:\/\/www.vsacomunicacion.com\/wp-content\/uploads\/2016\/10\/pym-valencia-avenida-del-puerto-nuevo-centro-octubre-vsa-comunicacion-768x544.jpg 768w\" sizes=\"(max-width: 884px) 100vw, 884px\" \/><\/a><\/p>\n<p style=\"text-align: justify;\">Como ya os hemos comentado, NUEVO CENTRO, adem\u00e1s de ofrecerte\u00a0todo lo necesario para tus compras, peri\u00f3dicamente organiza actividades\u00a0y exposiciones para todos sus clientes. Encontrar\u00e9is eventos tan variados como el III Women Pilates Day que se celebrar\u00e1 el pr\u00f3ximo d\u00eda 8 de octubre, o si sois aficionados a la fotograf\u00eda no pod\u00e9is perderos la\u00a0incre\u00edble exposici\u00f3n sobre el Valencia C.F.\u00a0y, para los\u00a0m\u00e1s aficionados a los disfraces, os\u00a0interesar\u00e1 asistir a\u00a0la terror\u00edfica fiesta de Halloween que NUEVO CENTRO ha\u00a0preparado para el 29 de octubre.<\/p>\n<p style=\"text-align: justify;\"><strong>NUEVO CENTRO<\/strong>, en el coraz\u00f3n de Valencia!!<\/p>\n","protected":false},"excerpt":{"rendered":"<p>VSA COMUNICACION y NUEVO CENTRO, unidos una vez m\u00e1s a trav\u00e9s de nuestro fant\u00e1stico\u00a0Circuito de Pym&#8217;s en Valencia, os invitan a acercaros\u00a0a vuestro Centro Comercial preferido. En esta ocasi\u00f3n, una vez pasado el verano, aunque no lo parezca, las vacaciones [&hellip;]<\/p>\n","protected":false},"author":3,"featured_media":7327,"comment_status":"open","ping_status":"open","sticky":false,"template":"","format":"standard","meta":{"inline_featured_image":false,"footnotes":""},"categories":[1593,1640],"tags":[1992,1664,1705,1781,1993,1565,1585,1586,1676,1934,1671,1645],"class_list":["post-12140","post","type-post","status-publish","format-standard","has-post-thumbnail","hentry","category-pyms-en","category-valencia-en","tag-campana-nuevo-centro-en","tag-campana-publicitaria-en","tag-centro-ciudad-en","tag-circuito-urbano-en","tag-nuevo-centro-en","tag-publicidad-ciudades-en","tag-publicidad-exterior-en","tag-publicidad-urbana-en","tag-pyms-2-en","tag-pyms-valencia-en","tag-trafico-rodado-en","tag-valencia-en"],"_links":{"self":[{"href":"https:\/\/www.vsacomunicacion.com\/en\/wp-json\/wp\/v2\/posts\/12140"}],"collection":[{"href":"https:\/\/www.vsacomunicacion.com\/en\/wp-json\/wp\/v2\/posts"}],"about":[{"href":"https:\/\/www.vsacomunicacion.com\/en\/wp-json\/wp\/v2\/types\/post"}],"author":[{"embeddable":true,"href":"https:\/\/www.vsacomunicacion.com\/en\/wp-json\/wp\/v2\/users\/3"}],"replies":[{"embeddable":true,"href":"https:\/\/www.vsacomunicacion.com\/en\/wp-json\/wp\/v2\/comments?post=12140"}],"version-history":[{"count":0,"href":"https:\/\/www.vsacomunicacion.com\/en\/wp-json\/wp\/v2\/posts\/12140\/revisions"}],"wp:featuredmedia":[{"embeddable":true,"href":"https:\/\/www.vsacomunicacion.com\/en\/wp-json\/wp\/v2\/media\/7327"}],"wp:attachment":[{"href":"https:\/\/www.vsacomunicacion.com\/en\/wp-json\/wp\/v2\/media?parent=12140"}],"wp:term":[{"taxonomy":"category","embeddable":true,"href":"https:\/\/www.vsacomunicacion.com\/en\/wp-json\/wp\/v2\/categories?post=12140"},{"taxonomy":"post_tag","embeddable":true,"href":"https:\/\/www.vsacomunicacion.com\/en\/wp-json\/wp\/v2\/tags?post=12140"}],"curies":[{"name":"wp","href":"https:\/\/api.w.org\/{rel}","templated":true}]}}