{"id":12142,"date":"2016-11-01T09:36:02","date_gmt":"2016-11-01T09:36:02","guid":{"rendered":"https:\/\/www.vsacomunicacion.com\/circuito-de-opis-y-marquesinas-de-antony-morato-en-andorra\/"},"modified":"2016-11-01T09:36:02","modified_gmt":"2016-11-01T09:36:02","slug":"circuito-de-opis-y-marquesinas-de-antony-morato-en-andorra","status":"publish","type":"post","link":"https:\/\/www.vsacomunicacion.com\/en\/circuito-de-opis-y-marquesinas-de-antony-morato-en-andorra\/","title":{"rendered":"Circuito de Opis y Marquesinas de ANTONY MORATO en Andorra"},"content":{"rendered":"<p style=\"text-align: justify;\">Un amplio y cuidado Circuito del <strong>Mobiliario Urbano<\/strong> de <strong><span style=\"color: #ff0000;\">VSA <\/span>COMUNICACI\u00d3N<\/strong>, formado por Opis, Relojes y Marquesinas de\u00a0las Parroquias de <strong>Andorra la Vella<\/strong> y de <strong>Escaldes-Engordany<\/strong>, ha sido seleccionado para vestir\u00a0las calles del Principado de Andorra con la magia y elegancia de <strong>ANTONY MORATO.<\/strong><\/p>\n<p><a href=\"https:\/\/www.vsacomunicacion.com\/wp-content\/uploads\/2016\/11\/mobiliario-urbano-oppi-publicidad-exterior-antony-morato-andorra-escaldes-engordany-octubrel-vsa-comunicacion.jpg\" rel=\"attachment wp-att-2981\"><img fetchpriority=\"high\" decoding=\"async\" class=\"aligncenter size-full wp-image-2981\" src=\"https:\/\/www.vsacomunicacion.com\/wp-content\/uploads\/2016\/11\/mobiliario-urbano-oppi-publicidad-exterior-antony-morato-andorra-escaldes-engordany-octubrel-vsa-comunicacion.jpg\" alt=\"mobiliario-urbano-oppi-publicidad-exterior-antony-morato-andorra-escaldes-engordany-octubrel-vsa-comunicacion\" width=\"884\" height=\"626\" srcset=\"https:\/\/www.vsacomunicacion.com\/wp-content\/uploads\/2016\/11\/mobiliario-urbano-oppi-publicidad-exterior-antony-morato-andorra-escaldes-engordany-octubrel-vsa-comunicacion.jpg 884w, https:\/\/www.vsacomunicacion.com\/wp-content\/uploads\/2016\/11\/mobiliario-urbano-oppi-publicidad-exterior-antony-morato-andorra-escaldes-engordany-octubrel-vsa-comunicacion-300x212.jpg 300w, https:\/\/www.vsacomunicacion.com\/wp-content\/uploads\/2016\/11\/mobiliario-urbano-oppi-publicidad-exterior-antony-morato-andorra-escaldes-engordany-octubrel-vsa-comunicacion-768x544.jpg 768w\" sizes=\"(max-width: 884px) 100vw, 884px\" \/><\/a><\/p>\n<p style=\"text-align: justify;\">La marca <strong>ANTONY MORATO, <\/strong>nacida en 2007 bajo la visi\u00f3n y talento de Lello Caldarelli, su\u00a0Director General y Creativo,\u00a0es actualmente la firma\u00a0de ropa masculina con m\u00e1s \u00e9xito y con mayor n\u00famero de seguidores entre los amantes de la moda.<\/p>\n<p style=\"text-align: justify;\">La casa\u00a0italiana\u00a0destaca inmediatamente por su habilidad de desarrollar su propio lenguaje de dise\u00f1o,\u00a0concebido para una nueva generaci\u00f3n de clientes.\u00a0La moda masculina est\u00e1 viviendo una peque\u00f1a revoluci\u00f3n, siguiendo las marcas del cambio en nuestra sociedad.<\/p>\n<p style=\"text-align: justify;\">Hoy en d\u00eda la marca se distribuye en 3200 tiendas multi-marca en m\u00e1s de 70 pa\u00edses alrededor del mundo y es vendida en 70 tiendas mono-marca en \u00e1reas estrat\u00e9gicas de Europa, Asia y Sudam\u00e9rica.<\/p>\n<p style=\"text-align: justify;\"><strong>ANTONY MORATO<\/strong> piensa en un hombre curioso e inquieto, que viaja por el mundo, que su coraz\u00f3n es\u00a0su maleta, que se adapta, y que todo le hace sonre\u00edr, pensar o llorar.<\/p>\n<p style=\"text-align: justify;\"><em><strong>#IAMWHOIAM<\/strong><\/em>, <em>Soy quien soy, a veces ni siquiera estoy seguro de qui\u00e9n soy, pero&#8230; Soy un hombre!!<\/em><\/p>\n<p>&nbsp;<\/p>\n","protected":false},"excerpt":{"rendered":"<p>Un amplio y cuidado Circuito del Mobiliario Urbano de VSA COMUNICACI\u00d3N, formado por Opis, Relojes y Marquesinas de\u00a0las Parroquias de Andorra la Vella y de Escaldes-Engordany, ha sido seleccionado para vestir\u00a0las calles del Principado de Andorra con la magia y [&hellip;]<\/p>\n","protected":false},"author":3,"featured_media":7336,"comment_status":"open","ping_status":"open","sticky":false,"template":"","format":"standard","meta":{"inline_featured_image":false,"footnotes":""},"categories":[1543,1544],"tags":[2292,1704,1763,1764,2293,1664,1705,1781,1706,2294,1701,2295,2056,2079,1565,1585,1586,2296],"class_list":["post-12142","post","type-post","status-publish","format-standard","has-post-thumbnail","hentry","category-andorra-en","category-mobiliario-urbano-en","tag-iamwhoiam-en","tag-alto-prestigio-publicitario-en","tag-andorra-en","tag-andorra-la-vella-en","tag-antony-morato-en","tag-campana-publicitaria-en","tag-centro-ciudad-en","tag-circuito-urbano-en","tag-emplazamiento-premium-en","tag-escaldes-engordany-en","tag-espectacular-en","tag-marquesina-en","tag-mobiliario-urbano-andorra-en","tag-opi-en","tag-publicidad-ciudades-en","tag-publicidad-exterior-en","tag-publicidad-urbana-en","tag-reloj-en"],"_links":{"self":[{"href":"https:\/\/www.vsacomunicacion.com\/en\/wp-json\/wp\/v2\/posts\/12142"}],"collection":[{"href":"https:\/\/www.vsacomunicacion.com\/en\/wp-json\/wp\/v2\/posts"}],"about":[{"href":"https:\/\/www.vsacomunicacion.com\/en\/wp-json\/wp\/v2\/types\/post"}],"author":[{"embeddable":true,"href":"https:\/\/www.vsacomunicacion.com\/en\/wp-json\/wp\/v2\/users\/3"}],"replies":[{"embeddable":true,"href":"https:\/\/www.vsacomunicacion.com\/en\/wp-json\/wp\/v2\/comments?post=12142"}],"version-history":[{"count":0,"href":"https:\/\/www.vsacomunicacion.com\/en\/wp-json\/wp\/v2\/posts\/12142\/revisions"}],"wp:featuredmedia":[{"embeddable":true,"href":"https:\/\/www.vsacomunicacion.com\/en\/wp-json\/wp\/v2\/media\/7336"}],"wp:attachment":[{"href":"https:\/\/www.vsacomunicacion.com\/en\/wp-json\/wp\/v2\/media?parent=12142"}],"wp:term":[{"taxonomy":"category","embeddable":true,"href":"https:\/\/www.vsacomunicacion.com\/en\/wp-json\/wp\/v2\/categories?post=12142"},{"taxonomy":"post_tag","embeddable":true,"href":"https:\/\/www.vsacomunicacion.com\/en\/wp-json\/wp\/v2\/tags?post=12142"}],"curies":[{"name":"wp","href":"https:\/\/api.w.org\/{rel}","templated":true}]}}