{"id":12154,"date":"2016-09-16T00:12:35","date_gmt":"2016-09-16T00:12:35","guid":{"rendered":"https:\/\/www.vsacomunicacion.com\/pym-de-kia-ibericar-movil-en-madrid\/"},"modified":"2016-09-16T00:12:35","modified_gmt":"2016-09-16T00:12:35","slug":"pym-de-kia-ibericar-movil-en-madrid","status":"publish","type":"post","link":"https:\/\/www.vsacomunicacion.com\/en\/pym-de-kia-ibericar-movil-en-madrid\/","title":{"rendered":"PYM de KIA IBERICAR MOVIL en Madrid"},"content":{"rendered":"<p style=\"text-align: justify;\"><strong>IBERICAR M\u00d3VIL<\/strong>, tu Concesionario Oficial <strong>KIA<\/strong> en Madrid, se encuentra en la Avenida Ciudad de Barcelona, 220 de <strong>Madrid<\/strong>, a escasos metros de la<strong> pym<\/strong> de <strong><span style=\"color: #ff0000;\">VSA<\/span> COMUNICACION<\/strong> que han escogido para informar a todos los transe\u00fantes de su ubicaci\u00f3n.<\/p>\n<p style=\"text-align: justify;\"><a href=\"https:\/\/www.vsacomunicacion.com\/wp-content\/uploads\/2016\/10\/pym-madrid-avenida-ciudad-barcelona-ibericar-kia-vsa-comunicacion.jpg\" rel=\"attachment wp-att-2957\"><img fetchpriority=\"high\" decoding=\"async\" class=\"aligncenter size-full wp-image-2957\" src=\"https:\/\/www.vsacomunicacion.com\/wp-content\/uploads\/2016\/10\/pym-madrid-avenida-ciudad-barcelona-ibericar-kia-vsa-comunicacion.jpg\" alt=\"pym-madrid-avenida-ciudad-barcelona-ibericar-kia-vsa-comunicacion\" width=\"886\" height=\"624\" srcset=\"https:\/\/www.vsacomunicacion.com\/wp-content\/uploads\/2016\/10\/pym-madrid-avenida-ciudad-barcelona-ibericar-kia-vsa-comunicacion.jpg 886w, https:\/\/www.vsacomunicacion.com\/wp-content\/uploads\/2016\/10\/pym-madrid-avenida-ciudad-barcelona-ibericar-kia-vsa-comunicacion-300x211.jpg 300w, https:\/\/www.vsacomunicacion.com\/wp-content\/uploads\/2016\/10\/pym-madrid-avenida-ciudad-barcelona-ibericar-kia-vsa-comunicacion-768x541.jpg 768w\" sizes=\"(max-width: 886px) 100vw, 886px\" \/><\/a><\/p>\n<p style=\"text-align: justify;\">El emplazamiento de <strong><span style=\"color: #ff0000;\">VSA<\/span> COMUNICACI\u00d3N<\/strong>\u00a0elegido por nuestro cliente<strong> KIA IBERICAR M\u00d3VIL<\/strong> est\u00e1 estrat\u00e9gicamente ubicado en una v\u00eda con\u00a0intenso tr\u00e1fico \u00a0y gran concentraci\u00f3n peatonal, en una zona muy concurrida y repleta de restaurantes, hoteles, Centro Deportivos, Bibliotecas, etc y, como dec\u00edamos, muy cerca del Concesionario.<\/p>\n<p style=\"text-align: justify;\"><strong>IBERICAR M\u00d3VIL<\/strong> cuenta con instalaciones modernas y funcionales, donde ser\u00e1\u00a0asesorado sobre las \u00faltimas novedades y modelos de la marca.<\/p>\n<p style=\"text-align: justify;\">Su\u00a0objetivo principal es ofrecer el mejor servicio al cliente, y alcanzar su m\u00e1ximo grado de satisfacci\u00f3n. Esto es avalado por sus altas puntuaciones en el \u00edndice de \u201cSatisfacci\u00f3n a clientes\u201d y su relevancia en los primeros puestos en el ranking nacional.<\/p>\n<p style=\"text-align: justify;\">Si lo que necesita es un veh\u00edculo de ocasi\u00f3n, tambi\u00e9n dispone de una ampl\u00edsima gama, desde seminuevos hasta veh\u00edculos de Km 0, con la garant\u00eda, seguridad, y profesionalidad del concesionario <strong>KIA IBERICAR M\u00d3VI<\/strong>L.<\/p>\n","protected":false},"excerpt":{"rendered":"<p>IBERICAR M\u00d3VIL, tu Concesionario Oficial KIA en Madrid, se encuentra en la Avenida Ciudad de Barcelona, 220 de Madrid, a escasos metros de la pym de VSA COMUNICACION que han escogido para informar a todos los transe\u00fantes de su ubicaci\u00f3n. [&hellip;]<\/p>\n","protected":false},"author":3,"featured_media":7332,"comment_status":"open","ping_status":"open","sticky":false,"template":"","format":"standard","meta":{"inline_featured_image":false,"footnotes":""},"categories":[1489,1593],"tags":[1705,2307,2308,1499,1565,1585,1586,1676,1677,1671],"class_list":["post-12154","post","type-post","status-publish","format-standard","has-post-thumbnail","hentry","category-madrid-en","category-pyms-en","tag-centro-ciudad-en","tag-ibericar-movil-en","tag-kia-en","tag-madrid-en","tag-publicidad-ciudades-en","tag-publicidad-exterior-en","tag-publicidad-urbana-en","tag-pyms-2-en","tag-pyms-madrid-en","tag-trafico-rodado-en"],"_links":{"self":[{"href":"https:\/\/www.vsacomunicacion.com\/en\/wp-json\/wp\/v2\/posts\/12154"}],"collection":[{"href":"https:\/\/www.vsacomunicacion.com\/en\/wp-json\/wp\/v2\/posts"}],"about":[{"href":"https:\/\/www.vsacomunicacion.com\/en\/wp-json\/wp\/v2\/types\/post"}],"author":[{"embeddable":true,"href":"https:\/\/www.vsacomunicacion.com\/en\/wp-json\/wp\/v2\/users\/3"}],"replies":[{"embeddable":true,"href":"https:\/\/www.vsacomunicacion.com\/en\/wp-json\/wp\/v2\/comments?post=12154"}],"version-history":[{"count":0,"href":"https:\/\/www.vsacomunicacion.com\/en\/wp-json\/wp\/v2\/posts\/12154\/revisions"}],"wp:featuredmedia":[{"embeddable":true,"href":"https:\/\/www.vsacomunicacion.com\/en\/wp-json\/wp\/v2\/media\/7332"}],"wp:attachment":[{"href":"https:\/\/www.vsacomunicacion.com\/en\/wp-json\/wp\/v2\/media?parent=12154"}],"wp:term":[{"taxonomy":"category","embeddable":true,"href":"https:\/\/www.vsacomunicacion.com\/en\/wp-json\/wp\/v2\/categories?post=12154"},{"taxonomy":"post_tag","embeddable":true,"href":"https:\/\/www.vsacomunicacion.com\/en\/wp-json\/wp\/v2\/tags?post=12154"}],"curies":[{"name":"wp","href":"https:\/\/api.w.org\/{rel}","templated":true}]}}