{"id":12162,"date":"2016-09-08T15:48:30","date_gmt":"2016-09-08T15:48:30","guid":{"rendered":"https:\/\/www.vsacomunicacion.com\/lona-publicitaria-calvin-klein-en-barcelona\/"},"modified":"2016-09-08T15:48:30","modified_gmt":"2016-09-08T15:48:30","slug":"lona-publicitaria-calvin-klein-en-barcelona","status":"publish","type":"post","link":"https:\/\/www.vsacomunicacion.com\/en\/lona-publicitaria-calvin-klein-en-barcelona\/","title":{"rendered":"Lona Publicitaria CALVIN KLEIN en Barcelona"},"content":{"rendered":"<p style=\"text-align: justify;\">Empezamos la segunda fase de rehabilitaci\u00f3n del fant\u00e1stico emplazamiento de <strong><span style=\"color: #ff0000;\">VSA<\/span> COMUNICACI\u00d3N,<\/strong> en el chafl\u00e1n de las c\u00e9ntricas y transitadas\u00a0calles Balmes y Pelayo de <strong>Barcelona,<\/strong> con esta espectacular<strong> lona publicitaria<\/strong> de <strong>CALVIN KLEIN\u00a0<\/strong>de la mano del fot\u00f3grafo y director de cine\u00a0Tyrone Lebon.<\/p>\n<p style=\"text-align: justify;\"><a href=\"https:\/\/www.vsacomunicacion.com\/wp-content\/uploads\/2016\/10\/lona-publicitaria-barcelona-balmes-1-calvin-klein-vsa-comunicacion.jpg\" rel=\"attachment wp-att-2920\"><img fetchpriority=\"high\" decoding=\"async\" class=\"aligncenter size-full wp-image-2920\" src=\"https:\/\/www.vsacomunicacion.com\/wp-content\/uploads\/2016\/10\/lona-publicitaria-barcelona-balmes-1-calvin-klein-vsa-comunicacion.jpg\" alt=\"lona-publicitaria-barcelona-balmes-1-calvin-klein-vsa-comunicacion\" width=\"884\" height=\"626\" srcset=\"https:\/\/www.vsacomunicacion.com\/wp-content\/uploads\/2016\/10\/lona-publicitaria-barcelona-balmes-1-calvin-klein-vsa-comunicacion.jpg 884w, https:\/\/www.vsacomunicacion.com\/wp-content\/uploads\/2016\/10\/lona-publicitaria-barcelona-balmes-1-calvin-klein-vsa-comunicacion-300x212.jpg 300w, https:\/\/www.vsacomunicacion.com\/wp-content\/uploads\/2016\/10\/lona-publicitaria-barcelona-balmes-1-calvin-klein-vsa-comunicacion-768x544.jpg 768w\" sizes=\"(max-width: 884px) 100vw, 884px\" \/><\/a><\/p>\n<p style=\"text-align: justify;\">La espectacular campa\u00f1a de publicidad de <strong>CALVIN KLEIN<\/strong> derrocha\u00a0talento por doquier con su incre\u00edble\u00a0repertorio de\u00a0actores, m\u00fasicos, deportistas, \u00eddolos de la moda y todo tipo de referentes en los medios sociales que, al unirlos, se crea una mezcla incre\u00edblemente m\u00e1gica, din\u00e1mica e ingeniosa.<\/p>\n<p style=\"text-align: justify;\">Entre las\u00a0<em>celebrities<\/em>\u00a0que forman parte de la campa\u00f1a encontraremos personalidades tan conocidas como\u00a0la modelo e icono Kate Moss, el futbolista James Rodr\u00edguez, o los rostros\u00a0escogidos para ser imagen de nuestra fant\u00e1stica\u00a0lona publicitaria, la modelo Bella Hadid, famosa tanto por su apellido como por su carrera profesional sobre las pasarelas y el cantante y compositor Frank Ocean.<\/p>\n<p style=\"text-align: justify;\">Si t\u00fa tambi\u00e9n quieres ser imagen de <strong>CALVIN KLEIN<\/strong>, este es tu momento,\u00a0etiqueta una foto tuya en <em>tus Calvins<\/em> para tener la oportunidad de aparecer en la galer\u00eda\u00a0<a href=\"https:\/\/www.instagram.com\/explore\/tags\/mycalvins\/\" target=\"_blank\" rel=\"noopener\">#MYCALVINS<\/a>.<\/p>\n","protected":false},"excerpt":{"rendered":"<p>Empezamos la segunda fase de rehabilitaci\u00f3n del fant\u00e1stico emplazamiento de VSA COMUNICACI\u00d3N, en el chafl\u00e1n de las c\u00e9ntricas y transitadas\u00a0calles Balmes y Pelayo de Barcelona, con esta espectacular lona publicitaria de CALVIN KLEIN\u00a0de la mano del fot\u00f3grafo y director de [&hellip;]<\/p>\n","protected":false},"author":3,"featured_media":7328,"comment_status":"open","ping_status":"open","sticky":false,"template":"","format":"standard","meta":{"inline_featured_image":false,"footnotes":""},"categories":[1506,1488],"tags":[2011,1704,1736,1516,2012,1664,1705,1706,1708,1694,1656,1609,1581,2312,1585,1599,1586],"class_list":["post-12162","post","type-post","status-publish","format-standard","has-post-thumbnail","hentry","category-barcelona-en","category-lonas-publicitarias-en","tag-mycalvins-en","tag-alto-prestigio-publicitario-en","tag-balmes-en","tag-barcelona-en","tag-calvin-klein-en","tag-campana-publicitaria-en","tag-centro-ciudad-en","tag-emplazamiento-premium-en","tag-formato-espectacular-en","tag-gran-notoriedad-en","tag-lonas-gran-formato-en","tag-lonas-publicitarias-2-en","tag-lonas-publicitarias-barcelona-en","tag-pelayo-en","tag-publicidad-exterior-en","tag-publicidad-gran-formato-en","tag-publicidad-urbana-en"],"_links":{"self":[{"href":"https:\/\/www.vsacomunicacion.com\/en\/wp-json\/wp\/v2\/posts\/12162"}],"collection":[{"href":"https:\/\/www.vsacomunicacion.com\/en\/wp-json\/wp\/v2\/posts"}],"about":[{"href":"https:\/\/www.vsacomunicacion.com\/en\/wp-json\/wp\/v2\/types\/post"}],"author":[{"embeddable":true,"href":"https:\/\/www.vsacomunicacion.com\/en\/wp-json\/wp\/v2\/users\/3"}],"replies":[{"embeddable":true,"href":"https:\/\/www.vsacomunicacion.com\/en\/wp-json\/wp\/v2\/comments?post=12162"}],"version-history":[{"count":0,"href":"https:\/\/www.vsacomunicacion.com\/en\/wp-json\/wp\/v2\/posts\/12162\/revisions"}],"wp:featuredmedia":[{"embeddable":true,"href":"https:\/\/www.vsacomunicacion.com\/en\/wp-json\/wp\/v2\/media\/7328"}],"wp:attachment":[{"href":"https:\/\/www.vsacomunicacion.com\/en\/wp-json\/wp\/v2\/media?parent=12162"}],"wp:term":[{"taxonomy":"category","embeddable":true,"href":"https:\/\/www.vsacomunicacion.com\/en\/wp-json\/wp\/v2\/categories?post=12162"},{"taxonomy":"post_tag","embeddable":true,"href":"https:\/\/www.vsacomunicacion.com\/en\/wp-json\/wp\/v2\/tags?post=12162"}],"curies":[{"name":"wp","href":"https:\/\/api.w.org\/{rel}","templated":true}]}}