{"id":12174,"date":"2016-08-29T05:15:16","date_gmt":"2016-08-29T05:15:16","guid":{"rendered":"https:\/\/www.vsacomunicacion.com\/pym-de-nuevo-centro-en-valencia-3\/"},"modified":"2016-08-29T05:15:16","modified_gmt":"2016-08-29T05:15:16","slug":"pym-de-nuevo-centro-en-valencia-3","status":"publish","type":"post","link":"https:\/\/www.vsacomunicacion.com\/en\/pym-de-nuevo-centro-en-valencia-3\/","title":{"rendered":"Pym de NUEVO CENTRO en Valencia"},"content":{"rendered":"<p style=\"text-align: justify;\">A trav\u00e9s\u00a0el <strong>Circuito de PYM&#8217;s<\/strong> en <strong>Valencia<\/strong> de\u00a0<strong>VSA COMUNICACION<\/strong>, os recomendamos a todos los valencianos que os pas\u00e9is por vuestro Centro Comercial de referencia, <strong>NUEVO CENTRO<\/strong>, para hacer todas las compras y estar preparados para la vuelta al cole.<\/p>\n<p style=\"text-align: justify;\"><a href=\"https:\/\/www.vsacomunicacion.com\/wp-content\/uploads\/2016\/08\/pym-valencia-mauro-guillen-nuevo-centro-septiembre-vsa-comunicacion.jpg\" rel=\"attachment wp-att-2826\"><img fetchpriority=\"high\" decoding=\"async\" class=\"aligncenter size-full wp-image-2826\" src=\"https:\/\/www.vsacomunicacion.com\/wp-content\/uploads\/2016\/08\/pym-valencia-mauro-guillen-nuevo-centro-septiembre-vsa-comunicacion.jpg\" alt=\"pym-valencia-mauro-guillen-nuevo-centro-septiembre-vsa-comunicacion\" width=\"2386\" height=\"1775\" srcset=\"https:\/\/www.vsacomunicacion.com\/wp-content\/uploads\/2016\/08\/pym-valencia-mauro-guillen-nuevo-centro-septiembre-vsa-comunicacion.jpg 2386w, https:\/\/www.vsacomunicacion.com\/wp-content\/uploads\/2016\/08\/pym-valencia-mauro-guillen-nuevo-centro-septiembre-vsa-comunicacion-300x223.jpg 300w, https:\/\/www.vsacomunicacion.com\/wp-content\/uploads\/2016\/08\/pym-valencia-mauro-guillen-nuevo-centro-septiembre-vsa-comunicacion-1024x762.jpg 1024w, https:\/\/www.vsacomunicacion.com\/wp-content\/uploads\/2016\/08\/pym-valencia-mauro-guillen-nuevo-centro-septiembre-vsa-comunicacion-768x571.jpg 768w, https:\/\/www.vsacomunicacion.com\/wp-content\/uploads\/2016\/08\/pym-valencia-mauro-guillen-nuevo-centro-septiembre-vsa-comunicacion-1536x1143.jpg 1536w\" sizes=\"(max-width: 2386px) 100vw, 2386px\" \/><\/a><\/p>\n<p style=\"text-align: justify;\">En NUEVO CENTRO podr\u00e9is, adem\u00e1s de comprar todo lo que necesit\u00e9is tras la vuelta de vacaciones, realizar todo tipo de actividades ya sea en solitario\u00a0o en compa\u00f1\u00eda de amigos y familia. Habitualmente se organizan concursos, maratones, ferias, talleres, etc&#8230; Puedes escoger entre ponerte en forma\u00a0en el &#8220;Women Piltes Day&#8221;, acudir al 3er\u00a0marat\u00f3n\u00a0realizando actividades dirigidas trabajando el cardio, bailando al ritmo de CUBB\u00c1 o, para los artistas de casa, participar en el concurso de fotograf\u00eda &#8220;Mi Verano 2016&#8221;.<\/p>\n<p><em><strong>NUEVO CENTRO<\/strong>, COMPRAS Y MUCHO, MUCHO M\u00c1S!!<\/em><\/p>\n","protected":false},"excerpt":{"rendered":"<p>A trav\u00e9s\u00a0el Circuito de PYM&#8217;s en Valencia de\u00a0VSA COMUNICACION, os recomendamos a todos los valencianos que os pas\u00e9is por vuestro Centro Comercial de referencia, NUEVO CENTRO, para hacer todas las compras y estar preparados para la vuelta al cole. En [&hellip;]<\/p>\n","protected":false},"author":3,"featured_media":7314,"comment_status":"open","ping_status":"open","sticky":false,"template":"","format":"standard","meta":{"inline_featured_image":false,"footnotes":""},"categories":[1593,1640],"tags":[1664,1705,1781,1993,1585,1586,1676,1934,1671,1645],"class_list":["post-12174","post","type-post","status-publish","format-standard","has-post-thumbnail","hentry","category-pyms-en","category-valencia-en","tag-campana-publicitaria-en","tag-centro-ciudad-en","tag-circuito-urbano-en","tag-nuevo-centro-en","tag-publicidad-exterior-en","tag-publicidad-urbana-en","tag-pyms-2-en","tag-pyms-valencia-en","tag-trafico-rodado-en","tag-valencia-en"],"_links":{"self":[{"href":"https:\/\/www.vsacomunicacion.com\/en\/wp-json\/wp\/v2\/posts\/12174"}],"collection":[{"href":"https:\/\/www.vsacomunicacion.com\/en\/wp-json\/wp\/v2\/posts"}],"about":[{"href":"https:\/\/www.vsacomunicacion.com\/en\/wp-json\/wp\/v2\/types\/post"}],"author":[{"embeddable":true,"href":"https:\/\/www.vsacomunicacion.com\/en\/wp-json\/wp\/v2\/users\/3"}],"replies":[{"embeddable":true,"href":"https:\/\/www.vsacomunicacion.com\/en\/wp-json\/wp\/v2\/comments?post=12174"}],"version-history":[{"count":0,"href":"https:\/\/www.vsacomunicacion.com\/en\/wp-json\/wp\/v2\/posts\/12174\/revisions"}],"wp:featuredmedia":[{"embeddable":true,"href":"https:\/\/www.vsacomunicacion.com\/en\/wp-json\/wp\/v2\/media\/7314"}],"wp:attachment":[{"href":"https:\/\/www.vsacomunicacion.com\/en\/wp-json\/wp\/v2\/media?parent=12174"}],"wp:term":[{"taxonomy":"category","embeddable":true,"href":"https:\/\/www.vsacomunicacion.com\/en\/wp-json\/wp\/v2\/categories?post=12174"},{"taxonomy":"post_tag","embeddable":true,"href":"https:\/\/www.vsacomunicacion.com\/en\/wp-json\/wp\/v2\/tags?post=12174"}],"curies":[{"name":"wp","href":"https:\/\/api.w.org\/{rel}","templated":true}]}}