{"id":12175,"date":"2016-07-12T01:39:59","date_gmt":"2016-07-12T01:39:59","guid":{"rendered":"https:\/\/www.vsacomunicacion.com\/circuito-de-pyms-de-yoigo-en-valencia\/"},"modified":"2016-07-12T01:39:59","modified_gmt":"2016-07-12T01:39:59","slug":"circuito-de-pyms-de-yoigo-en-valencia","status":"publish","type":"post","link":"https:\/\/www.vsacomunicacion.com\/en\/circuito-de-pyms-de-yoigo-en-valencia\/","title":{"rendered":"Circuito de PYM&#8217;s de YOIGO en Valencia"},"content":{"rendered":"<p style=\"text-align: justify;\"><strong>YOIGO<\/strong>\u00a0nos presenta su nueva tarifa <strong>SINF\u00cdN\u00a0<\/strong>a trav\u00e9s de un fabuloso\u00a0<strong>Circuito de PYM&#8217;s<\/strong> de <strong>VSA COMUNICACION<\/strong> en la ciudad de Valencia con el lema <strong>&#8220;Si no lo cuentas, no es verano&#8221;<\/strong> y de la fant\u00e1stica lona publicitaria que ya os adelantamos en un anterior <a href=\"https:\/\/www.vsacomunicacion.com\/lona-publicitaria-yoigo-en-barcelona\/\">post <\/a>en Barcelona.<\/p>\n<p style=\"text-align: justify;\"><a href=\"https:\/\/www.vsacomunicacion.com\/wp-content\/uploads\/2016\/09\/pym-valencia-cardenal-benlloch-yoigo-vsa-comunicacion.jpg\" rel=\"attachment wp-att-2855\"><img fetchpriority=\"high\" decoding=\"async\" class=\"aligncenter size-full wp-image-2855\" src=\"https:\/\/www.vsacomunicacion.com\/wp-content\/uploads\/2016\/09\/pym-valencia-cardenal-benlloch-yoigo-vsa-comunicacion.jpg\" alt=\"pym-valencia-cardenal-benlloch-yoigo-vsa-comunicacion\" width=\"3330\" height=\"2200\" \/><\/a><\/p>\n<p style=\"text-align: justify;\">En\u00a0<strong>YOIGO<\/strong> quieren que no te cortes\u00a0este verano a la hora de hablar y navegar con tu m\u00f3vil. Por esta raz\u00f3n te ofrecen una tarifa excepcional:\u00a020 GB de datos en las altas nuevas y portabilidades a la nueva\u00a0tarifa con llamadas ilimitadas ( <strong>la #SinF\u00edn<\/strong>) por 29\u20ac\/mes, IVA incluido.<\/p>\n<p style=\"text-align: justify;\">Esta tarifa promocional\u00a0s\u00f3lo estar\u00e1 disponible durante el mes de Julio (aunque una vez contratada, se disfruta para siempre).<\/p>\n<p style=\"text-align: justify;\">Adem\u00e1s, si\u00a0necesitas un smartphone de \u00faltima generaci\u00f3n, YOIGO te ofrece m\u00faltiples opciones muy interesantes tanto para portabilidades de contrato como contratos\u00a0con o sin permanencia.<\/p>\n<p style=\"text-align: justify;\">Si no lo cuentas, no es verano&#8230; \u00a1zamb\u00fallete en <a class=\"twitter-hashtag pretty-link js-nav\" dir=\"ltr\" href=\"https:\/\/twitter.com\/hashtag\/LaSinf%C3%ADn?src=hash\" data-query-source=\"hashtag_click\" target=\"_blank\" rel=\"noopener\"><s>#<\/s><b>LaSinf\u00edn<\/b><\/a> con 20GB y no te quedes sin datos para compartirlo todo!<\/p>\n","protected":false},"excerpt":{"rendered":"<p>YOIGO\u00a0nos presenta su nueva tarifa SINF\u00cdN\u00a0a trav\u00e9s de un fabuloso\u00a0Circuito de PYM&#8217;s de VSA COMUNICACION en la ciudad de Valencia con el lema &#8220;Si no lo cuentas, no es verano&#8221; y de la fant\u00e1stica lona publicitaria que ya os adelantamos [&hellip;]<\/p>\n","protected":false},"author":3,"featured_media":7319,"comment_status":"open","ping_status":"open","sticky":false,"template":"","format":"standard","meta":{"inline_featured_image":false,"footnotes":""},"categories":[1593,1640],"tags":[2271,1664,2225,1705,1781,1585,1586,1934,1671,1645,2227],"class_list":["post-12175","post","type-post","status-publish","format-standard","has-post-thumbnail","hentry","category-pyms-en","category-valencia-en","tag-sinfin-en","tag-campana-publicitaria-en","tag-campana-yoigo-en","tag-centro-ciudad-en","tag-circuito-urbano-en","tag-publicidad-exterior-en","tag-publicidad-urbana-en","tag-pyms-valencia-en","tag-trafico-rodado-en","tag-valencia-en","tag-yoigo-en"],"_links":{"self":[{"href":"https:\/\/www.vsacomunicacion.com\/en\/wp-json\/wp\/v2\/posts\/12175"}],"collection":[{"href":"https:\/\/www.vsacomunicacion.com\/en\/wp-json\/wp\/v2\/posts"}],"about":[{"href":"https:\/\/www.vsacomunicacion.com\/en\/wp-json\/wp\/v2\/types\/post"}],"author":[{"embeddable":true,"href":"https:\/\/www.vsacomunicacion.com\/en\/wp-json\/wp\/v2\/users\/3"}],"replies":[{"embeddable":true,"href":"https:\/\/www.vsacomunicacion.com\/en\/wp-json\/wp\/v2\/comments?post=12175"}],"version-history":[{"count":0,"href":"https:\/\/www.vsacomunicacion.com\/en\/wp-json\/wp\/v2\/posts\/12175\/revisions"}],"wp:featuredmedia":[{"embeddable":true,"href":"https:\/\/www.vsacomunicacion.com\/en\/wp-json\/wp\/v2\/media\/7319"}],"wp:attachment":[{"href":"https:\/\/www.vsacomunicacion.com\/en\/wp-json\/wp\/v2\/media?parent=12175"}],"wp:term":[{"taxonomy":"category","embeddable":true,"href":"https:\/\/www.vsacomunicacion.com\/en\/wp-json\/wp\/v2\/categories?post=12175"},{"taxonomy":"post_tag","embeddable":true,"href":"https:\/\/www.vsacomunicacion.com\/en\/wp-json\/wp\/v2\/tags?post=12175"}],"curies":[{"name":"wp","href":"https:\/\/api.w.org\/{rel}","templated":true}]}}