{"id":12180,"date":"2016-07-05T01:23:03","date_gmt":"2016-07-05T01:23:03","guid":{"rendered":"https:\/\/www.vsacomunicacion.com\/pyms-de-nuevo-centro-en-valencia-4\/"},"modified":"2016-07-05T01:23:03","modified_gmt":"2016-07-05T01:23:03","slug":"pyms-de-nuevo-centro-en-valencia-4","status":"publish","type":"post","link":"https:\/\/www.vsacomunicacion.com\/en\/pyms-de-nuevo-centro-en-valencia-4\/","title":{"rendered":"Pym&#8217;s de NUEVO CENTRO en Valencia"},"content":{"rendered":"<p style=\"text-align: justify;\">Hace dos d\u00edas empez\u00e1bamos el verano y sin darnos cuenta&#8230; La <strong>REBAJAS<\/strong> de<strong> NUEVO CENTRO<\/strong>, tu centro comercial de referencia, ya est\u00e1n aqu\u00ed!!<\/p>\n<p style=\"text-align: justify;\">En <strong>VSA COMUNICACI\u00d3N<\/strong> estamos realmente encantados de que NUEVO CENTRO conf\u00ede desde hace ya varios\u00a0a\u00f1os en nuestro <strong>Circuito de Pym&#8217;s<\/strong> de <strong>Valencia<\/strong> para dar a conocer a los valencianos todas\u00a0las novedades en moda.<\/p>\n<p style=\"text-align: justify;\"><a href=\"https:\/\/www.vsacomunicacion.com\/wp-content\/uploads\/2016\/09\/pym-valencia-avenida-baleares-nuevo-centro-julio-vsa-comunicacion.jpg\" rel=\"attachment wp-att-2824\"><img fetchpriority=\"high\" decoding=\"async\" class=\"aligncenter size-full wp-image-2824\" src=\"https:\/\/www.vsacomunicacion.com\/wp-content\/uploads\/2016\/09\/pym-valencia-avenida-baleares-nuevo-centro-julio-vsa-comunicacion.jpg\" alt=\"pym-valencia-avenida-baleares-nuevo-centro-julio-vsa-comunicacion\" width=\"3133\" height=\"2434\" \/><\/a><\/p>\n<p style=\"text-align: justify;\">Este emplazamiento se encuentra ubicado en la Avenida Baleares, una de las principales arterias\u00a0de Valencia recogiendo todo el tr\u00e1fico de la zona y los barrios adyacentes a esta v\u00eda que\u00a0une el Puerto con el centro de Valencia.<\/p>\n<p style=\"text-align: justify;\">NUEVO CENTRO adem\u00e1s de ofrecerte\u00a0unas extraordinarias REBAJAS tiene un sinf\u00edn de actividades que podr\u00e1s disfrutar durante todo el a\u00f1o as\u00ed como promociones en sus tiendas\u00a0que no debes dejar escapar.<\/p>\n<p style=\"text-align: justify;\">As\u00ed que, entre ba\u00f1ito y ba\u00f1ito, te proponemos que te pases\u00a0por las instalaciones de<strong> NUEVO CENTRO<\/strong>!!<\/p>\n","protected":false},"excerpt":{"rendered":"<p>Hace dos d\u00edas empez\u00e1bamos el verano y sin darnos cuenta&#8230; La REBAJAS de NUEVO CENTRO, tu centro comercial de referencia, ya est\u00e1n aqu\u00ed!! En VSA COMUNICACI\u00d3N estamos realmente encantados de que NUEVO CENTRO conf\u00ede desde hace ya varios\u00a0a\u00f1os en nuestro [&hellip;]<\/p>\n","protected":false},"author":3,"featured_media":7312,"comment_status":"open","ping_status":"open","sticky":false,"template":"","format":"standard","meta":{"inline_featured_image":false,"footnotes":""},"categories":[1593,1640],"tags":[1664,1705,1781,1694,1993,1565,1585,1934,2052,1645],"class_list":["post-12180","post","type-post","status-publish","format-standard","has-post-thumbnail","hentry","category-pyms-en","category-valencia-en","tag-campana-publicitaria-en","tag-centro-ciudad-en","tag-circuito-urbano-en","tag-gran-notoriedad-en","tag-nuevo-centro-en","tag-publicidad-ciudades-en","tag-publicidad-exterior-en","tag-pyms-valencia-en","tag-rebajas-en","tag-valencia-en"],"_links":{"self":[{"href":"https:\/\/www.vsacomunicacion.com\/en\/wp-json\/wp\/v2\/posts\/12180"}],"collection":[{"href":"https:\/\/www.vsacomunicacion.com\/en\/wp-json\/wp\/v2\/posts"}],"about":[{"href":"https:\/\/www.vsacomunicacion.com\/en\/wp-json\/wp\/v2\/types\/post"}],"author":[{"embeddable":true,"href":"https:\/\/www.vsacomunicacion.com\/en\/wp-json\/wp\/v2\/users\/3"}],"replies":[{"embeddable":true,"href":"https:\/\/www.vsacomunicacion.com\/en\/wp-json\/wp\/v2\/comments?post=12180"}],"version-history":[{"count":0,"href":"https:\/\/www.vsacomunicacion.com\/en\/wp-json\/wp\/v2\/posts\/12180\/revisions"}],"wp:featuredmedia":[{"embeddable":true,"href":"https:\/\/www.vsacomunicacion.com\/en\/wp-json\/wp\/v2\/media\/7312"}],"wp:attachment":[{"href":"https:\/\/www.vsacomunicacion.com\/en\/wp-json\/wp\/v2\/media?parent=12180"}],"wp:term":[{"taxonomy":"category","embeddable":true,"href":"https:\/\/www.vsacomunicacion.com\/en\/wp-json\/wp\/v2\/categories?post=12180"},{"taxonomy":"post_tag","embeddable":true,"href":"https:\/\/www.vsacomunicacion.com\/en\/wp-json\/wp\/v2\/tags?post=12180"}],"curies":[{"name":"wp","href":"https:\/\/api.w.org\/{rel}","templated":true}]}}