{"id":12181,"date":"2016-07-04T11:27:43","date_gmt":"2016-07-04T11:27:43","guid":{"rendered":"https:\/\/www.vsacomunicacion.com\/lona-publicitaria-yoigo-en-barcelona\/"},"modified":"2016-07-04T11:27:43","modified_gmt":"2016-07-04T11:27:43","slug":"lona-publicitaria-yoigo-en-barcelona","status":"publish","type":"post","link":"https:\/\/www.vsacomunicacion.com\/en\/lona-publicitaria-yoigo-en-barcelona\/","title":{"rendered":"Lona Publicitaria YOIGO en Barcelona"},"content":{"rendered":"<p style=\"text-align: justify;\">Ha llegado el verano y lo hace de la forma m\u00e1s espectacular!!\u00a0Ha tra\u00eddo de vuelta\u00a0la tarifa SINF\u00cdN de <strong>YOIGO<\/strong>,\u00a0tarifa que ya pudimos disfrutar el pasado verano, y\u00a0con ella esta incre\u00edble\u00a0lona publicitaria de <strong>VSA COMUNICACION<\/strong> ubicada en uno de los puntos claves de entrada y salida de Barcelona.<\/p>\n<p><a href=\"https:\/\/www.vsacomunicacion.com\/wp-content\/uploads\/2016\/07\/lona-publicitaria-barcelona-avenida-diagonal-598-yoigo-noche-vsa-comunicacion.jpg\" rel=\"attachment wp-att-2758\"><img fetchpriority=\"high\" decoding=\"async\" class=\"aligncenter size-full wp-image-2758\" src=\"https:\/\/www.vsacomunicacion.com\/wp-content\/uploads\/2016\/07\/lona-publicitaria-barcelona-avenida-diagonal-598-yoigo-noche-vsa-comunicacion.jpg\" alt=\"lona-publicitaria-barcelona-avenida-diagonal-598-yoigo-noche-vsa-comunicacion\" width=\"2025\" height=\"1381\" srcset=\"https:\/\/www.vsacomunicacion.com\/wp-content\/uploads\/2016\/07\/lona-publicitaria-barcelona-avenida-diagonal-598-yoigo-noche-vsa-comunicacion.jpg 2025w, https:\/\/www.vsacomunicacion.com\/wp-content\/uploads\/2016\/07\/lona-publicitaria-barcelona-avenida-diagonal-598-yoigo-noche-vsa-comunicacion-300x205.jpg 300w, https:\/\/www.vsacomunicacion.com\/wp-content\/uploads\/2016\/07\/lona-publicitaria-barcelona-avenida-diagonal-598-yoigo-noche-vsa-comunicacion-1024x698.jpg 1024w, https:\/\/www.vsacomunicacion.com\/wp-content\/uploads\/2016\/07\/lona-publicitaria-barcelona-avenida-diagonal-598-yoigo-noche-vsa-comunicacion-768x524.jpg 768w, https:\/\/www.vsacomunicacion.com\/wp-content\/uploads\/2016\/07\/lona-publicitaria-barcelona-avenida-diagonal-598-yoigo-noche-vsa-comunicacion-1536x1048.jpg 1536w\" sizes=\"(max-width: 2025px) 100vw, 2025px\" \/><\/a><\/p>\n<p style=\"text-align: justify;\">Vuelve la tarifa <strong>SINF\u00cdN<\/strong> de <strong>YOIGO<\/strong>!! Por tan solo <strong>29\u20ac al mes<\/strong> y como fecha l\u00edmite de activaci\u00f3n\u00a0el d\u00eda 31 de julio todas las altas nuevas y portabilidades podr\u00e1n disfrutar de esta revolucionaria tarifa, con llamadas casi ilimitadas, m\u00e1ximo de 300 n\u00fameros diferentes al mes, y 20Gb al mes a alta velocidad hasta 4G.<\/p>\n<p style=\"text-align: justify;\"><a href=\"https:\/\/www.vsacomunicacion.com\/wp-content\/uploads\/2016\/07\/lona-publicitaria-barcelona-avenida-diagonal-598-yoigo-dia-vsa-comunicacion.jpg\" rel=\"attachment wp-att-2759\"><img decoding=\"async\" class=\"aligncenter size-full wp-image-2759\" src=\"https:\/\/www.vsacomunicacion.com\/wp-content\/uploads\/2016\/07\/lona-publicitaria-barcelona-avenida-diagonal-598-yoigo-dia-vsa-comunicacion.jpg\" alt=\"lona-publicitaria-barcelona-avenida-diagonal-598-yoigo-dia-vsa-comunicacion\" width=\"1997\" height=\"1423\" srcset=\"https:\/\/www.vsacomunicacion.com\/wp-content\/uploads\/2016\/07\/lona-publicitaria-barcelona-avenida-diagonal-598-yoigo-dia-vsa-comunicacion.jpg 1997w, https:\/\/www.vsacomunicacion.com\/wp-content\/uploads\/2016\/07\/lona-publicitaria-barcelona-avenida-diagonal-598-yoigo-dia-vsa-comunicacion-300x214.jpg 300w, https:\/\/www.vsacomunicacion.com\/wp-content\/uploads\/2016\/07\/lona-publicitaria-barcelona-avenida-diagonal-598-yoigo-dia-vsa-comunicacion-1024x730.jpg 1024w, https:\/\/www.vsacomunicacion.com\/wp-content\/uploads\/2016\/07\/lona-publicitaria-barcelona-avenida-diagonal-598-yoigo-dia-vsa-comunicacion-768x547.jpg 768w, https:\/\/www.vsacomunicacion.com\/wp-content\/uploads\/2016\/07\/lona-publicitaria-barcelona-avenida-diagonal-598-yoigo-dia-vsa-comunicacion-1536x1095.jpg 1536w\" sizes=\"(max-width: 1997px) 100vw, 1997px\" \/><\/a><\/p>\n<p style=\"text-align: justify;\">Se trata de una oportunidad \u00fanica para todos aquellos que busqu\u00e9is un extra de megas de cara al verano, pudiendo hacer todos los selfies y v\u00eddeos de esos\u00a0momentos inolvidables\u00a0sin tener que preocuparte por el consumo de tus Gb. Y llamar\u00a0a cualquier hora del d\u00eda a familia y amigos para\u00a0contarles todas tus aventuras de verano.<\/p>\n<p style=\"text-align: justify;\">Y recuerda, tienes s\u00f3lo hasta el 31 de julio para adherirte a la tarifa <strong><a href=\"http:\/\/www.yoigo.com\/tarifas\/tarifas-de-contrato\/la-sinfin\/\" target=\"_blank\" rel=\"noopener\">SINF\u00cdN<\/a><\/strong> de YOIGO!!<\/p>\n<p style=\"text-align: justify;\"><em>VIVA LA DIFERENCIA!!<\/em><\/p>\n","protected":false},"excerpt":{"rendered":"<p>Ha llegado el verano y lo hace de la forma m\u00e1s espectacular!!\u00a0Ha tra\u00eddo de vuelta\u00a0la tarifa SINF\u00cdN de YOIGO,\u00a0tarifa que ya pudimos disfrutar el pasado verano, y\u00a0con ella esta incre\u00edble\u00a0lona publicitaria de VSA COMUNICACION ubicada en uno de los puntos [&hellip;]<\/p>\n","protected":false},"author":3,"featured_media":7300,"comment_status":"open","ping_status":"open","sticky":false,"template":"","format":"standard","meta":{"inline_featured_image":false,"footnotes":""},"categories":[1506,1488],"tags":[2271,1704,1678,1516,1664,1706,1708,1609,1581,1585,1586,1671,2227],"class_list":["post-12181","post","type-post","status-publish","format-standard","has-post-thumbnail","hentry","category-barcelona-en","category-lonas-publicitarias-en","tag-sinfin-en","tag-alto-prestigio-publicitario-en","tag-avenida-diagonal-en","tag-barcelona-en","tag-campana-publicitaria-en","tag-emplazamiento-premium-en","tag-formato-espectacular-en","tag-lonas-publicitarias-2-en","tag-lonas-publicitarias-barcelona-en","tag-publicidad-exterior-en","tag-publicidad-urbana-en","tag-trafico-rodado-en","tag-yoigo-en"],"_links":{"self":[{"href":"https:\/\/www.vsacomunicacion.com\/en\/wp-json\/wp\/v2\/posts\/12181"}],"collection":[{"href":"https:\/\/www.vsacomunicacion.com\/en\/wp-json\/wp\/v2\/posts"}],"about":[{"href":"https:\/\/www.vsacomunicacion.com\/en\/wp-json\/wp\/v2\/types\/post"}],"author":[{"embeddable":true,"href":"https:\/\/www.vsacomunicacion.com\/en\/wp-json\/wp\/v2\/users\/3"}],"replies":[{"embeddable":true,"href":"https:\/\/www.vsacomunicacion.com\/en\/wp-json\/wp\/v2\/comments?post=12181"}],"version-history":[{"count":0,"href":"https:\/\/www.vsacomunicacion.com\/en\/wp-json\/wp\/v2\/posts\/12181\/revisions"}],"wp:featuredmedia":[{"embeddable":true,"href":"https:\/\/www.vsacomunicacion.com\/en\/wp-json\/wp\/v2\/media\/7300"}],"wp:attachment":[{"href":"https:\/\/www.vsacomunicacion.com\/en\/wp-json\/wp\/v2\/media?parent=12181"}],"wp:term":[{"taxonomy":"category","embeddable":true,"href":"https:\/\/www.vsacomunicacion.com\/en\/wp-json\/wp\/v2\/categories?post=12181"},{"taxonomy":"post_tag","embeddable":true,"href":"https:\/\/www.vsacomunicacion.com\/en\/wp-json\/wp\/v2\/tags?post=12181"}],"curies":[{"name":"wp","href":"https:\/\/api.w.org\/{rel}","templated":true}]}}