{"id":12183,"date":"2016-06-30T12:11:29","date_gmt":"2016-06-30T12:11:29","guid":{"rendered":"https:\/\/www.vsacomunicacion.com\/circuito-de-pyms-de-ballantines-en-sevilla\/"},"modified":"2016-06-30T12:11:29","modified_gmt":"2016-06-30T12:11:29","slug":"circuito-de-pyms-de-ballantines-en-sevilla","status":"publish","type":"post","link":"https:\/\/www.vsacomunicacion.com\/en\/circuito-de-pyms-de-ballantines-en-sevilla\/","title":{"rendered":"Circuito de PYM&#8217;s de BALLANTINE&#8217;s en Sevilla"},"content":{"rendered":"<p style=\"text-align: justify;\"><strong>BALLANTINE&#8217;s<\/strong> presenta la mezcla perfecta: BALLANTINE&#8217;s y <strong>Ginger Ale<\/strong> a trav\u00e9s del <strong>Circuito Nacional de Pym&#8217;s<\/strong> de <strong>VSA COMUNICACI\u00d3N<\/strong> en este caso de las ciudades de\u00a0<a href=\"https:\/\/www.vsacomunicacion.com\/circuito-de-pyms-de-ballantines-en-barcelona\/\">Barcelona<\/a>, <a href=\"https:\/\/www.vsacomunicacion.com\/circuito-de-pyms-de-ballantines-en-madrid\/\">Madrid<\/a>, <a href=\"https:\/\/www.vsacomunicacion.com\/pyms-de-ballantines-en-valencia\/\">Valencia<\/a>, como ya os adelantamos en anteriores posts, y ahora\u00a0ha llegado\u00a0el turno de <strong>Sevilla<\/strong>.<\/p>\n<p style=\"text-align: justify;\"><a href=\"https:\/\/www.vsacomunicacion.com\/wp-content\/uploads\/2016\/09\/pym-sevilla-ctra-carmona-ballantines-vsa-comunicacion.jpg\" rel=\"attachment wp-att-2846\"><img fetchpriority=\"high\" decoding=\"async\" class=\"aligncenter size-full wp-image-2846\" src=\"https:\/\/www.vsacomunicacion.com\/wp-content\/uploads\/2016\/09\/pym-sevilla-ctra-carmona-ballantines-vsa-comunicacion.jpg\" alt=\"pym-sevilla-ctra-carmona-ballantines-vsa-comunicacion\" width=\"1151\" height=\"591\" srcset=\"https:\/\/www.vsacomunicacion.com\/wp-content\/uploads\/2016\/09\/pym-sevilla-ctra-carmona-ballantines-vsa-comunicacion.jpg 1151w, https:\/\/www.vsacomunicacion.com\/wp-content\/uploads\/2016\/09\/pym-sevilla-ctra-carmona-ballantines-vsa-comunicacion-300x154.jpg 300w, https:\/\/www.vsacomunicacion.com\/wp-content\/uploads\/2016\/09\/pym-sevilla-ctra-carmona-ballantines-vsa-comunicacion-1024x526.jpg 1024w, https:\/\/www.vsacomunicacion.com\/wp-content\/uploads\/2016\/09\/pym-sevilla-ctra-carmona-ballantines-vsa-comunicacion-768x394.jpg 768w\" sizes=\"(max-width: 1151px) 100vw, 1151px\" \/><\/a><\/p>\n<p style=\"text-align: justify;\">A todos nos gusta cambiar de aires y aprovechar el verano para hacer cosas\u00a0que normalmente no tenemos tiempo para hacer: leer un buen libro entre\u00a0zambullida y zambullida, pasar una tarde agradable con tus amigos,\u00a0encerrarse en casa frente\u00a0al televisor y bajo\u00a0el fresco de tu aire acondicionado&#8230;\u00a0Sea\u00a0cual sea tu actividad favorita para que sean\u00a0todav\u00eda m\u00e1s memorables no olvides tu combinado perfecto: <strong>BALLANTINE&#8217;s<\/strong> y <strong>Ginger Ale<\/strong>.<\/p>\n<p class=\"left\">Ama el cambio, rel\u00e1jate, pero no pares. No juzgues, experimenta. R\u00ede y haz que r\u00edan. S\u00e9 sencillo, no simple. Son <strong>NUEVOS MODALES<\/strong>, que nadie te corrija!!<\/p>\n","protected":false},"excerpt":{"rendered":"<p>BALLANTINE&#8217;s presenta la mezcla perfecta: BALLANTINE&#8217;s y Ginger Ale a trav\u00e9s del Circuito Nacional de Pym&#8217;s de VSA COMUNICACI\u00d3N en este caso de las ciudades de\u00a0Barcelona, Madrid, Valencia, como ya os adelantamos en anteriores posts, y ahora\u00a0ha llegado\u00a0el turno de [&hellip;]<\/p>\n","protected":false},"author":3,"featured_media":7317,"comment_status":"open","ping_status":"open","sticky":false,"template":"","format":"standard","meta":{"inline_featured_image":false,"footnotes":""},"categories":[1593,1695],"tags":[2082,2317,2318,1565,1585,1586,1990,1697,1671],"class_list":["post-12183","post","type-post","status-publish","format-standard","has-post-thumbnail","hentry","category-pyms-en","category-sevilla-en","tag-ballantines-en","tag-ginger-ale-en","tag-nuevos-modales-en","tag-publicidad-ciudades-en","tag-publicidad-exterior-en","tag-publicidad-urbana-en","tag-pyms-sevilla-en","tag-sevilla-en","tag-trafico-rodado-en"],"_links":{"self":[{"href":"https:\/\/www.vsacomunicacion.com\/en\/wp-json\/wp\/v2\/posts\/12183"}],"collection":[{"href":"https:\/\/www.vsacomunicacion.com\/en\/wp-json\/wp\/v2\/posts"}],"about":[{"href":"https:\/\/www.vsacomunicacion.com\/en\/wp-json\/wp\/v2\/types\/post"}],"author":[{"embeddable":true,"href":"https:\/\/www.vsacomunicacion.com\/en\/wp-json\/wp\/v2\/users\/3"}],"replies":[{"embeddable":true,"href":"https:\/\/www.vsacomunicacion.com\/en\/wp-json\/wp\/v2\/comments?post=12183"}],"version-history":[{"count":0,"href":"https:\/\/www.vsacomunicacion.com\/en\/wp-json\/wp\/v2\/posts\/12183\/revisions"}],"wp:featuredmedia":[{"embeddable":true,"href":"https:\/\/www.vsacomunicacion.com\/en\/wp-json\/wp\/v2\/media\/7317"}],"wp:attachment":[{"href":"https:\/\/www.vsacomunicacion.com\/en\/wp-json\/wp\/v2\/media?parent=12183"}],"wp:term":[{"taxonomy":"category","embeddable":true,"href":"https:\/\/www.vsacomunicacion.com\/en\/wp-json\/wp\/v2\/categories?post=12183"},{"taxonomy":"post_tag","embeddable":true,"href":"https:\/\/www.vsacomunicacion.com\/en\/wp-json\/wp\/v2\/tags?post=12183"}],"curies":[{"name":"wp","href":"https:\/\/api.w.org\/{rel}","templated":true}]}}