{"id":12192,"date":"2016-06-20T11:47:31","date_gmt":"2016-06-20T11:47:31","guid":{"rendered":"https:\/\/www.vsacomunicacion.com\/lona-publicitaria-de-jean-paul-gaultier-le-male-classique\/"},"modified":"2016-06-20T11:47:31","modified_gmt":"2016-06-20T11:47:31","slug":"lona-publicitaria-de-jean-paul-gaultier-le-male-classique","status":"publish","type":"post","link":"https:\/\/www.vsacomunicacion.com\/en\/lona-publicitaria-de-jean-paul-gaultier-le-male-classique\/","title":{"rendered":"Lona Publicitaria de JEAN PAUL GAULTIER &#8220;Le Male&#8221; &#038; &#8220;Classique&#8221;"},"content":{"rendered":"<p style=\"text-align: justify;\">El emplazamiento Premium de <strong>VSA COMUNICACION<\/strong>\u00a0de la calle Balmes con Pelayo, en la zona m\u00e1s c\u00e9ntrica, tur\u00edstica y comercial de la ciudad condal, se ha vestido estos d\u00edas con\u00a0una espectacular<strong> lona publicitaria<\/strong> de los perfumes <strong>LE MALE<\/strong> y <strong>CLASSIQUE<\/strong> del famoso dise\u00f1ador<strong> JEAN PAUL GAULTIER<\/strong>, apodado\u00a0como<em> l&#8217;enfant terrible<\/em> (el ni\u00f1o terrible) de la moda.<\/p>\n<p style=\"text-align: justify;\"><a href=\"https:\/\/www.vsacomunicacion.com\/wp-content\/uploads\/2016\/06\/lona-publicitaria-barcelona-balmes-1-jean-paul-gaultier-male-classique-2-vsa-comunicacion.jpg\" rel=\"attachment wp-att-2747\"><img fetchpriority=\"high\" decoding=\"async\" class=\"aligncenter size-full wp-image-2747\" src=\"https:\/\/www.vsacomunicacion.com\/wp-content\/uploads\/2016\/06\/lona-publicitaria-barcelona-balmes-1-jean-paul-gaultier-male-classique-2-vsa-comunicacion.jpg\" alt=\"lona-publicitaria-barcelona-balmes-1-jean-paul-gaultier-male-classique-2-vsa-comunicacion\" width=\"2313\" height=\"1710\" srcset=\"https:\/\/www.vsacomunicacion.com\/wp-content\/uploads\/2016\/06\/lona-publicitaria-barcelona-balmes-1-jean-paul-gaultier-male-classique-2-vsa-comunicacion.jpg 2313w, https:\/\/www.vsacomunicacion.com\/wp-content\/uploads\/2016\/06\/lona-publicitaria-barcelona-balmes-1-jean-paul-gaultier-male-classique-2-vsa-comunicacion-300x222.jpg 300w, https:\/\/www.vsacomunicacion.com\/wp-content\/uploads\/2016\/06\/lona-publicitaria-barcelona-balmes-1-jean-paul-gaultier-male-classique-2-vsa-comunicacion-1024x757.jpg 1024w, https:\/\/www.vsacomunicacion.com\/wp-content\/uploads\/2016\/06\/lona-publicitaria-barcelona-balmes-1-jean-paul-gaultier-male-classique-2-vsa-comunicacion-768x568.jpg 768w, https:\/\/www.vsacomunicacion.com\/wp-content\/uploads\/2016\/06\/lona-publicitaria-barcelona-balmes-1-jean-paul-gaultier-male-classique-2-vsa-comunicacion-1536x1136.jpg 1536w\" sizes=\"(max-width: 2313px) 100vw, 2313px\" \/><\/a><\/p>\n<p style=\"text-align: justify;\"><strong>LE MALE<\/strong> es la fragancia para hombre por excelencia de <strong>JEAN PAUL GAULTIER<\/strong>. Apreciaremos unas leves notas\u00a0a vainilla para\u00a0la sensualidad, nada mejor para encender la pasi\u00f3n, a menta para la persistencia, o la frescura de un perfume excepcional y a lavanda para la tradici\u00f3n, una referencia del aroma familiar y reconfortante de la espuma de afeitar y el jab\u00f3n de anta\u00f1o.<\/p>\n<p style=\"text-align: justify;\"><img decoding=\"async\" class=\"aligncenter size-full wp-image-2746\" src=\"https:\/\/www.vsacomunicacion.com\/wp-content\/uploads\/2016\/06\/lona-publicitaria-barcelona-balmes-1-jean-paul-gaultier-male-classique-1-vsa-comunicacion.jpg\" alt=\"lona-publicitaria-barcelona-balmes-1-jean-paul-gaultier-male-classique-1-vsa-comunicacion\" width=\"2224\" height=\"1511\" srcset=\"https:\/\/www.vsacomunicacion.com\/wp-content\/uploads\/2016\/06\/lona-publicitaria-barcelona-balmes-1-jean-paul-gaultier-male-classique-1-vsa-comunicacion.jpg 2224w, https:\/\/www.vsacomunicacion.com\/wp-content\/uploads\/2016\/06\/lona-publicitaria-barcelona-balmes-1-jean-paul-gaultier-male-classique-1-vsa-comunicacion-300x204.jpg 300w, https:\/\/www.vsacomunicacion.com\/wp-content\/uploads\/2016\/06\/lona-publicitaria-barcelona-balmes-1-jean-paul-gaultier-male-classique-1-vsa-comunicacion-1024x696.jpg 1024w, https:\/\/www.vsacomunicacion.com\/wp-content\/uploads\/2016\/06\/lona-publicitaria-barcelona-balmes-1-jean-paul-gaultier-male-classique-1-vsa-comunicacion-768x522.jpg 768w, https:\/\/www.vsacomunicacion.com\/wp-content\/uploads\/2016\/06\/lona-publicitaria-barcelona-balmes-1-jean-paul-gaultier-male-classique-1-vsa-comunicacion-1536x1044.jpg 1536w\" sizes=\"(max-width: 2224px) 100vw, 2224px\" \/><\/p>\n<p style=\"text-align: justify;\">Por otro\u00a0lado, <strong>CLASSIQUE<\/strong>,\u00a0la fragancia para ella,\u00a0destaca por\u00a0sus notas a vainilla\u00a0para la caricia, un tacto que recuerda el aroma del polvo de arroz, recuerdo de su infancia, a jengibre para su persistencia, y sus virtudes afrodis\u00edacas y a flor de naranjo para su dulzura.<\/p>\n<p style=\"text-align: justify;\">IRRESISTIBLE!! \u00bfNo te parece?<\/p>\n","protected":false},"excerpt":{"rendered":"<p>El emplazamiento Premium de VSA COMUNICACION\u00a0de la calle Balmes con Pelayo, en la zona m\u00e1s c\u00e9ntrica, tur\u00edstica y comercial de la ciudad condal, se ha vestido estos d\u00edas con\u00a0una espectacular lona publicitaria de los perfumes LE MALE y CLASSIQUE del [&hellip;]<\/p>\n","protected":false},"author":3,"featured_media":7294,"comment_status":"open","ping_status":"open","sticky":false,"template":"","format":"standard","meta":{"inline_featured_image":false,"footnotes":""},"categories":[1506,1488],"tags":[1736,1516,1664,1705,2323,1701,1708,1694,2324,2325,1579,1609,1581,2312,1565],"class_list":["post-12192","post","type-post","status-publish","format-standard","has-post-thumbnail","hentry","category-barcelona-en","category-lonas-publicitarias-en","tag-balmes-en","tag-barcelona-en","tag-campana-publicitaria-en","tag-centro-ciudad-en","tag-classique-en","tag-espectacular-en","tag-formato-espectacular-en","tag-gran-notoriedad-en","tag-jean-paul-gaultier-en","tag-le-male-en","tag-lona-gran-formato-en","tag-lonas-publicitarias-2-en","tag-lonas-publicitarias-barcelona-en","tag-pelayo-en","tag-publicidad-ciudades-en"],"_links":{"self":[{"href":"https:\/\/www.vsacomunicacion.com\/en\/wp-json\/wp\/v2\/posts\/12192"}],"collection":[{"href":"https:\/\/www.vsacomunicacion.com\/en\/wp-json\/wp\/v2\/posts"}],"about":[{"href":"https:\/\/www.vsacomunicacion.com\/en\/wp-json\/wp\/v2\/types\/post"}],"author":[{"embeddable":true,"href":"https:\/\/www.vsacomunicacion.com\/en\/wp-json\/wp\/v2\/users\/3"}],"replies":[{"embeddable":true,"href":"https:\/\/www.vsacomunicacion.com\/en\/wp-json\/wp\/v2\/comments?post=12192"}],"version-history":[{"count":0,"href":"https:\/\/www.vsacomunicacion.com\/en\/wp-json\/wp\/v2\/posts\/12192\/revisions"}],"wp:featuredmedia":[{"embeddable":true,"href":"https:\/\/www.vsacomunicacion.com\/en\/wp-json\/wp\/v2\/media\/7294"}],"wp:attachment":[{"href":"https:\/\/www.vsacomunicacion.com\/en\/wp-json\/wp\/v2\/media?parent=12192"}],"wp:term":[{"taxonomy":"category","embeddable":true,"href":"https:\/\/www.vsacomunicacion.com\/en\/wp-json\/wp\/v2\/categories?post=12192"},{"taxonomy":"post_tag","embeddable":true,"href":"https:\/\/www.vsacomunicacion.com\/en\/wp-json\/wp\/v2\/tags?post=12192"}],"curies":[{"name":"wp","href":"https:\/\/api.w.org\/{rel}","templated":true}]}}