{"id":12196,"date":"2016-06-15T04:56:41","date_gmt":"2016-06-15T04:56:41","guid":{"rendered":"https:\/\/www.vsacomunicacion.com\/pym-de-motor-almenar-en-valencia\/"},"modified":"2016-06-15T04:56:41","modified_gmt":"2016-06-15T04:56:41","slug":"pym-de-motor-almenar-en-valencia","status":"publish","type":"post","link":"https:\/\/www.vsacomunicacion.com\/en\/pym-de-motor-almenar-en-valencia\/","title":{"rendered":"Pym de MOTOR ALMENAR en Valencia"},"content":{"rendered":"<p style=\"text-align: justify;\">El Circuito Urbano de <strong>PYM&#8217;s<\/strong> de <strong>VSA COMUNICACI\u00d3N<\/strong> puede ser contratado como Circuito para tener una mayor cobertura y n\u00famero de impactos o a la unidad, cuando nuestro objetivo es m\u00e1s concreto. Este \u00faltimo es el caso de <strong>MOTOR ALMENAR<\/strong>, que ha escogido nuestro emplazamiento de la Avenida Ausias March de <strong>Valencia<\/strong> por su estrat\u00e9gica ubicaci\u00f3n para\u00a0informarnos de la ubicaci\u00f3n de sus concesionarios.<\/p>\n<p style=\"text-align: justify;\"><a href=\"https:\/\/www.vsacomunicacion.com\/wp-content\/uploads\/2016\/09\/pym-valencia-ausias-march-mazda-vsa-comunicacion.jpg\" rel=\"attachment wp-att-2850\"><img fetchpriority=\"high\" decoding=\"async\" class=\"aligncenter size-full wp-image-2850\" src=\"https:\/\/www.vsacomunicacion.com\/wp-content\/uploads\/2016\/09\/pym-valencia-ausias-march-mazda-vsa-comunicacion.jpg\" alt=\"pym-valencia-ausias-march-mazda-vsa-comunicacion\" width=\"4000\" height=\"2192\" \/><\/a><\/p>\n<p style=\"text-align: justify;\"><strong>MOTOR ALMENAR<\/strong> es el nuevo y exclusivo concesionario MAZDA\u00a0en Valencia, sum\u00e1ndose\u00a0a la red <strong>MAZDA<\/strong> aportando sus m\u00e1s de 50 a\u00f1os de experiencia en el sector de la automoci\u00f3n con la gesti\u00f3n de otras marcas.<\/p>\n<p style=\"text-align: justify;\">Instalaciones de \u00faltima generaci\u00f3n y un personal con alta cualificaci\u00f3n t\u00e9cnica y profesional atienden los aspectos comerciales, mec\u00e1nicos y de recambios de los veh\u00edculos MAZDA, procurando la m\u00e1xima satisfacci\u00f3n de sus\u00a0clientes.<\/p>\n<p style=\"text-align: justify;\">MOTOR ALMENAR es compromiso de calidad.<\/p>\n","protected":false},"excerpt":{"rendered":"<p>El Circuito Urbano de PYM&#8217;s de VSA COMUNICACI\u00d3N puede ser contratado como Circuito para tener una mayor cobertura y n\u00famero de impactos o a la unidad, cuando nuestro objetivo es m\u00e1s concreto. Este \u00faltimo es el caso de MOTOR ALMENAR, [&hellip;]<\/p>\n","protected":false},"author":3,"featured_media":7318,"comment_status":"open","ping_status":"open","sticky":false,"template":"","format":"standard","meta":{"inline_featured_image":false,"footnotes":""},"categories":[1593,1640],"tags":[1705,2327,2328,1565,1585,1586,1676,1934,1645],"class_list":["post-12196","post","type-post","status-publish","format-standard","has-post-thumbnail","hentry","category-pyms-en","category-valencia-en","tag-centro-ciudad-en","tag-mazda-en","tag-motor-almenar-en","tag-publicidad-ciudades-en","tag-publicidad-exterior-en","tag-publicidad-urbana-en","tag-pyms-2-en","tag-pyms-valencia-en","tag-valencia-en"],"_links":{"self":[{"href":"https:\/\/www.vsacomunicacion.com\/en\/wp-json\/wp\/v2\/posts\/12196"}],"collection":[{"href":"https:\/\/www.vsacomunicacion.com\/en\/wp-json\/wp\/v2\/posts"}],"about":[{"href":"https:\/\/www.vsacomunicacion.com\/en\/wp-json\/wp\/v2\/types\/post"}],"author":[{"embeddable":true,"href":"https:\/\/www.vsacomunicacion.com\/en\/wp-json\/wp\/v2\/users\/3"}],"replies":[{"embeddable":true,"href":"https:\/\/www.vsacomunicacion.com\/en\/wp-json\/wp\/v2\/comments?post=12196"}],"version-history":[{"count":0,"href":"https:\/\/www.vsacomunicacion.com\/en\/wp-json\/wp\/v2\/posts\/12196\/revisions"}],"wp:featuredmedia":[{"embeddable":true,"href":"https:\/\/www.vsacomunicacion.com\/en\/wp-json\/wp\/v2\/media\/7318"}],"wp:attachment":[{"href":"https:\/\/www.vsacomunicacion.com\/en\/wp-json\/wp\/v2\/media?parent=12196"}],"wp:term":[{"taxonomy":"category","embeddable":true,"href":"https:\/\/www.vsacomunicacion.com\/en\/wp-json\/wp\/v2\/categories?post=12196"},{"taxonomy":"post_tag","embeddable":true,"href":"https:\/\/www.vsacomunicacion.com\/en\/wp-json\/wp\/v2\/tags?post=12196"}],"curies":[{"name":"wp","href":"https:\/\/api.w.org\/{rel}","templated":true}]}}