{"id":12198,"date":"2016-06-06T15:45:14","date_gmt":"2016-06-06T15:45:14","guid":{"rendered":"https:\/\/www.vsacomunicacion.com\/lona-publicitaria-roundten-en-barcelona\/"},"modified":"2016-06-06T15:45:14","modified_gmt":"2016-06-06T15:45:14","slug":"lona-publicitaria-roundten-en-barcelona","status":"publish","type":"post","link":"https:\/\/www.vsacomunicacion.com\/en\/lona-publicitaria-roundten-en-barcelona\/","title":{"rendered":"Lona Publicitaria ROUNDTEN en Barcelona"},"content":{"rendered":"<p style=\"text-align: justify;\">En <strong>VSA COMUNICACION<\/strong> volvemos a estar de inauguraci\u00f3n y, esta vez, por partida doble!!!<\/p>\n<p style=\"text-align: justify;\">Estrenamos nuevo<strong> emplazamiento Premium<\/strong> de casi 1.000 m\u00b2 en la esquina de la Avenida Diagonal y\u00a0V\u00eda Augusta, entre Paseo de Gracia y Francesc Maci\u00e0. Zona de\u00a0tr\u00e1fico rodado por ser una de las principales v\u00edas\u00a0de entrada y salida de Barcelona y gran n\u00famero de peatones que se ha visto incrementado por\u00a0las obras realizadas en la Avenida Diagonal dando mayor protagonismo\u00a0al paseante\u00a0y al comercio.<\/p>\n<p style=\"text-align: justify;\"><a href=\"https:\/\/www.vsacomunicacion.com\/wp-content\/uploads\/2016\/06\/lona-publicitaria-barcelona-avenida-diagonal-478-roundten-javier-mascherano-lateral-vsa-comunicacion.jpg\" rel=\"attachment wp-att-2732\"><img fetchpriority=\"high\" decoding=\"async\" class=\"aligncenter size-full wp-image-2732\" src=\"https:\/\/www.vsacomunicacion.com\/wp-content\/uploads\/2016\/06\/lona-publicitaria-barcelona-avenida-diagonal-478-roundten-javier-mascherano-lateral-vsa-comunicacion.jpg\" alt=\"lona-publicitaria-barcelona-avenida-diagonal-478-roundten-javier-mascherano-lateral-vsa-comunicacion\" width=\"2403\" height=\"1569\" srcset=\"https:\/\/www.vsacomunicacion.com\/wp-content\/uploads\/2016\/06\/lona-publicitaria-barcelona-avenida-diagonal-478-roundten-javier-mascherano-lateral-vsa-comunicacion.jpg 2403w, https:\/\/www.vsacomunicacion.com\/wp-content\/uploads\/2016\/06\/lona-publicitaria-barcelona-avenida-diagonal-478-roundten-javier-mascherano-lateral-vsa-comunicacion-300x196.jpg 300w, https:\/\/www.vsacomunicacion.com\/wp-content\/uploads\/2016\/06\/lona-publicitaria-barcelona-avenida-diagonal-478-roundten-javier-mascherano-lateral-vsa-comunicacion-1024x669.jpg 1024w, https:\/\/www.vsacomunicacion.com\/wp-content\/uploads\/2016\/06\/lona-publicitaria-barcelona-avenida-diagonal-478-roundten-javier-mascherano-lateral-vsa-comunicacion-768x501.jpg 768w, https:\/\/www.vsacomunicacion.com\/wp-content\/uploads\/2016\/06\/lona-publicitaria-barcelona-avenida-diagonal-478-roundten-javier-mascherano-lateral-vsa-comunicacion-1536x1003.jpg 1536w\" sizes=\"(max-width: 2403px) 100vw, 2403px\" \/><\/a><\/p>\n<p style=\"text-align: justify;\">Ha nacido una nueva web, y est\u00e1n aqu\u00ed\u00a0para quedarse, os presentamos a\u00a0<strong>ROUNDTEN.EU<\/strong> a trav\u00e9s de esta espectacular <strong>lona publicitaria<\/strong> en Barcelona <strong>Javier Mascherano<\/strong> nos presenta la web que revolucionar\u00e1 y dar\u00e1 otro significado al concepto\u00a0&#8220;flexibilidad&#8221;. Tanto las lentes como las monturas de todas sus\u00a0gafas est\u00e1n fabricadas con materiales \u00fanicos que le aportan al producto una flexibilidad nunca vistas en unas gafas de sol. Ya las puedes estirar, doblar, aplastar que siempre volver\u00e1n a su estado original.<\/p>\n<p style=\"text-align: justify;\"><a href=\"https:\/\/www.vsacomunicacion.com\/wp-content\/uploads\/2016\/06\/lona-publicitaria-barcelona-avenida-diagonal-478-roundten-javier-mascherano-frontal-vsa-comunicacion.jpg\" rel=\"attachment wp-att-2733\"><img decoding=\"async\" class=\"aligncenter size-full wp-image-2733\" src=\"https:\/\/www.vsacomunicacion.com\/wp-content\/uploads\/2016\/06\/lona-publicitaria-barcelona-avenida-diagonal-478-roundten-javier-mascherano-frontal-vsa-comunicacion.jpg\" alt=\"lona-publicitaria-barcelona-avenida-diagonal-478-roundten-javier-mascherano-frontal-vsa-comunicacion\" width=\"1928\" height=\"1698\" srcset=\"https:\/\/www.vsacomunicacion.com\/wp-content\/uploads\/2016\/06\/lona-publicitaria-barcelona-avenida-diagonal-478-roundten-javier-mascherano-frontal-vsa-comunicacion.jpg 1928w, https:\/\/www.vsacomunicacion.com\/wp-content\/uploads\/2016\/06\/lona-publicitaria-barcelona-avenida-diagonal-478-roundten-javier-mascherano-frontal-vsa-comunicacion-300x264.jpg 300w, https:\/\/www.vsacomunicacion.com\/wp-content\/uploads\/2016\/06\/lona-publicitaria-barcelona-avenida-diagonal-478-roundten-javier-mascherano-frontal-vsa-comunicacion-1024x902.jpg 1024w, https:\/\/www.vsacomunicacion.com\/wp-content\/uploads\/2016\/06\/lona-publicitaria-barcelona-avenida-diagonal-478-roundten-javier-mascherano-frontal-vsa-comunicacion-768x676.jpg 768w, https:\/\/www.vsacomunicacion.com\/wp-content\/uploads\/2016\/06\/lona-publicitaria-barcelona-avenida-diagonal-478-roundten-javier-mascherano-frontal-vsa-comunicacion-1536x1353.jpg 1536w\" sizes=\"(max-width: 1928px) 100vw, 1928px\" \/><\/a><\/p>\n<p style=\"text-align: justify;\">En <strong>ROUNDTEN<\/strong> piensan en ti y en lo que te mereces, unas gafas de sol de m\u00e1s calidad, m\u00e1s resistentes, mejor dise\u00f1adas y a un precio l\u00f3gico. Est\u00e1n convencidos de que todo esto es posible y est\u00e1n dispuestos a demostrarlo.<\/p>\n<p style=\"text-align: justify;\">ROUNDTEN, <strong><em>#heretostay<\/em><\/strong><\/p>\n","protected":false},"excerpt":{"rendered":"<p>En VSA COMUNICACION volvemos a estar de inauguraci\u00f3n y, esta vez, por partida doble!!! Estrenamos nuevo emplazamiento Premium de casi 1.000 m\u00b2 en la esquina de la Avenida Diagonal y\u00a0V\u00eda Augusta, entre Paseo de Gracia y Francesc Maci\u00e0. Zona de\u00a0tr\u00e1fico [&hellip;]<\/p>\n","protected":false},"author":3,"featured_media":7289,"comment_status":"open","ping_status":"open","sticky":false,"template":"","format":"standard","meta":{"inline_featured_image":false,"footnotes":""},"categories":[1506,1488],"tags":[2329,1678,1516,1664,1705,1706,1708,1694,2330,1609,1581,1565,1585,1599,2331,1671],"class_list":["post-12198","post","type-post","status-publish","format-standard","has-post-thumbnail","hentry","category-barcelona-en","category-lonas-publicitarias-en","tag-heretostay-en","tag-avenida-diagonal-en","tag-barcelona-en","tag-campana-publicitaria-en","tag-centro-ciudad-en","tag-emplazamiento-premium-en","tag-formato-espectacular-en","tag-gran-notoriedad-en","tag-javier-mascherano-en","tag-lonas-publicitarias-2-en","tag-lonas-publicitarias-barcelona-en","tag-publicidad-ciudades-en","tag-publicidad-exterior-en","tag-publicidad-gran-formato-en","tag-roundten-en","tag-trafico-rodado-en"],"_links":{"self":[{"href":"https:\/\/www.vsacomunicacion.com\/en\/wp-json\/wp\/v2\/posts\/12198"}],"collection":[{"href":"https:\/\/www.vsacomunicacion.com\/en\/wp-json\/wp\/v2\/posts"}],"about":[{"href":"https:\/\/www.vsacomunicacion.com\/en\/wp-json\/wp\/v2\/types\/post"}],"author":[{"embeddable":true,"href":"https:\/\/www.vsacomunicacion.com\/en\/wp-json\/wp\/v2\/users\/3"}],"replies":[{"embeddable":true,"href":"https:\/\/www.vsacomunicacion.com\/en\/wp-json\/wp\/v2\/comments?post=12198"}],"version-history":[{"count":0,"href":"https:\/\/www.vsacomunicacion.com\/en\/wp-json\/wp\/v2\/posts\/12198\/revisions"}],"wp:featuredmedia":[{"embeddable":true,"href":"https:\/\/www.vsacomunicacion.com\/en\/wp-json\/wp\/v2\/media\/7289"}],"wp:attachment":[{"href":"https:\/\/www.vsacomunicacion.com\/en\/wp-json\/wp\/v2\/media?parent=12198"}],"wp:term":[{"taxonomy":"category","embeddable":true,"href":"https:\/\/www.vsacomunicacion.com\/en\/wp-json\/wp\/v2\/categories?post=12198"},{"taxonomy":"post_tag","embeddable":true,"href":"https:\/\/www.vsacomunicacion.com\/en\/wp-json\/wp\/v2\/tags?post=12198"}],"curies":[{"name":"wp","href":"https:\/\/api.w.org\/{rel}","templated":true}]}}