{"id":12208,"date":"2016-06-04T14:06:31","date_gmt":"2016-06-04T14:06:31","guid":{"rendered":"https:\/\/www.vsacomunicacion.com\/mobiliario-urbano-de-andorra-y-patek-philippe\/"},"modified":"2016-06-04T14:06:31","modified_gmt":"2016-06-04T14:06:31","slug":"mobiliario-urbano-de-andorra-y-patek-philippe","status":"publish","type":"post","link":"https:\/\/www.vsacomunicacion.com\/en\/mobiliario-urbano-de-andorra-y-patek-philippe\/","title":{"rendered":"Mobiliario Urbano de Andorra y PATEK PHILIPPE"},"content":{"rendered":"<p style=\"text-align: justify;\"><strong>PONS &amp; BARTOMEU<\/strong>, la m\u00e1s antigua y, probablemente, la m\u00e1s prestigiosa de las joyer\u00edas de Andorra, conf\u00eda una vez m\u00e1s en el <strong>Mobiliario Urbano<\/strong> de <strong>VSA COMUNICACION<\/strong>\u00a0en el <strong>Principado de Andorra<\/strong> para mostrarnos uno de sus peque\u00f1os objetos de arte, el reloj <strong>PATEK PHILIPPE.<\/strong><\/p>\n<p style=\"text-align: justify;\"><a href=\"https:\/\/www.vsacomunicacion.com\/wp-content\/uploads\/2016\/06\/mobiliario-urbano-oppi-publicidad-exterior-patek-philippe-geneve-hvngari-andorra-vsa-comunicacion.jpg\" rel=\"attachment wp-att-2698\"><img fetchpriority=\"high\" decoding=\"async\" class=\"aligncenter size-full wp-image-2698\" src=\"https:\/\/www.vsacomunicacion.com\/wp-content\/uploads\/2016\/06\/mobiliario-urbano-oppi-publicidad-exterior-patek-philippe-geneve-hvngari-andorra-vsa-comunicacion.jpg\" alt=\"mobiliario-urbano-oppi-publicidad-exterior-patek-philippe-geneve-hvngari-andorra-vsa-comunicacion\" width=\"2463\" height=\"1836\" srcset=\"https:\/\/www.vsacomunicacion.com\/wp-content\/uploads\/2016\/06\/mobiliario-urbano-oppi-publicidad-exterior-patek-philippe-geneve-hvngari-andorra-vsa-comunicacion.jpg 2463w, https:\/\/www.vsacomunicacion.com\/wp-content\/uploads\/2016\/06\/mobiliario-urbano-oppi-publicidad-exterior-patek-philippe-geneve-hvngari-andorra-vsa-comunicacion-300x224.jpg 300w, https:\/\/www.vsacomunicacion.com\/wp-content\/uploads\/2016\/06\/mobiliario-urbano-oppi-publicidad-exterior-patek-philippe-geneve-hvngari-andorra-vsa-comunicacion-1024x763.jpg 1024w, https:\/\/www.vsacomunicacion.com\/wp-content\/uploads\/2016\/06\/mobiliario-urbano-oppi-publicidad-exterior-patek-philippe-geneve-hvngari-andorra-vsa-comunicacion-768x572.jpg 768w, https:\/\/www.vsacomunicacion.com\/wp-content\/uploads\/2016\/06\/mobiliario-urbano-oppi-publicidad-exterior-patek-philippe-geneve-hvngari-andorra-vsa-comunicacion-1536x1145.jpg 1536w\" sizes=\"(max-width: 2463px) 100vw, 2463px\" \/><\/a><br \/>\n<strong>PONS &amp; BARTOMEU<\/strong> es una empresa genuinamente andorrana que nos ofrece creaciones propias de alta joyer\u00eda y las mejores piezas en joyas y relojes de las marcas de lujo internacional a precios de Andorra.<\/p>\n<p style=\"text-align: justify;\">A trav\u00e9s de<strong> HVNGARI<\/strong>, su tienda de\u00a0la Parroquia de Escaldes-Engordany, tienen otras dos en la Parroquia de Andorra la Vella, nos invitan a iniciar nuestra propia tradici\u00f3n.<\/p>\n<p style=\"text-align: justify;\">Tal y como ellos mismos apuntan: <em>Un PATEK PHILIPPE nunca es del todo suyo. Suyo es el placer de custodiarlo hasta la pr\u00f3xima generaci\u00f3n.\u00a0<\/em><\/p>\n<p style=\"text-align: justify;\">\n","protected":false},"excerpt":{"rendered":"<p>PONS &amp; BARTOMEU, la m\u00e1s antigua y, probablemente, la m\u00e1s prestigiosa de las joyer\u00edas de Andorra, conf\u00eda una vez m\u00e1s en el Mobiliario Urbano de VSA COMUNICACION\u00a0en el Principado de Andorra para mostrarnos uno de sus peque\u00f1os objetos de arte, [&hellip;]<\/p>\n","protected":false},"author":3,"featured_media":7276,"comment_status":"open","ping_status":"open","sticky":false,"template":"","format":"standard","meta":{"inline_featured_image":false,"footnotes":""},"categories":[1543,1544],"tags":[1704,1763,1664,1705,2294,1694,2056,1585,1586],"class_list":["post-12208","post","type-post","status-publish","format-standard","has-post-thumbnail","hentry","category-andorra-en","category-mobiliario-urbano-en","tag-alto-prestigio-publicitario-en","tag-andorra-en","tag-campana-publicitaria-en","tag-centro-ciudad-en","tag-escaldes-engordany-en","tag-gran-notoriedad-en","tag-mobiliario-urbano-andorra-en","tag-publicidad-exterior-en","tag-publicidad-urbana-en"],"_links":{"self":[{"href":"https:\/\/www.vsacomunicacion.com\/en\/wp-json\/wp\/v2\/posts\/12208"}],"collection":[{"href":"https:\/\/www.vsacomunicacion.com\/en\/wp-json\/wp\/v2\/posts"}],"about":[{"href":"https:\/\/www.vsacomunicacion.com\/en\/wp-json\/wp\/v2\/types\/post"}],"author":[{"embeddable":true,"href":"https:\/\/www.vsacomunicacion.com\/en\/wp-json\/wp\/v2\/users\/3"}],"replies":[{"embeddable":true,"href":"https:\/\/www.vsacomunicacion.com\/en\/wp-json\/wp\/v2\/comments?post=12208"}],"version-history":[{"count":0,"href":"https:\/\/www.vsacomunicacion.com\/en\/wp-json\/wp\/v2\/posts\/12208\/revisions"}],"wp:featuredmedia":[{"embeddable":true,"href":"https:\/\/www.vsacomunicacion.com\/en\/wp-json\/wp\/v2\/media\/7276"}],"wp:attachment":[{"href":"https:\/\/www.vsacomunicacion.com\/en\/wp-json\/wp\/v2\/media?parent=12208"}],"wp:term":[{"taxonomy":"category","embeddable":true,"href":"https:\/\/www.vsacomunicacion.com\/en\/wp-json\/wp\/v2\/categories?post=12208"},{"taxonomy":"post_tag","embeddable":true,"href":"https:\/\/www.vsacomunicacion.com\/en\/wp-json\/wp\/v2\/tags?post=12208"}],"curies":[{"name":"wp","href":"https:\/\/api.w.org\/{rel}","templated":true}]}}