{"id":12210,"date":"2016-06-03T17:02:11","date_gmt":"2016-06-03T17:02:11","guid":{"rendered":"https:\/\/www.vsacomunicacion.com\/lona-publicitaria-de-fever-tree-en-barcelona\/"},"modified":"2016-06-03T17:02:11","modified_gmt":"2016-06-03T17:02:11","slug":"lona-publicitaria-de-fever-tree-en-barcelona","status":"publish","type":"post","link":"https:\/\/www.vsacomunicacion.com\/en\/lona-publicitaria-de-fever-tree-en-barcelona\/","title":{"rendered":"Lona Publicitaria de FEVER-TREE en Barcelona"},"content":{"rendered":"<p style=\"text-align: justify;\">\u00bfPrimavera? \u00bfVerano? La verdad es que con este tiempo andamos un poco despistados&#8230; Lo que sabemos con seguridad\u00a0es cu\u00e1nto\u00a0nos apetece un buen combinado y mucho m\u00e1s viendo est\u00e1 impresionante y refrescante <strong>lona publicitaria<\/strong> de la t\u00f3nica <strong>FEVER-TREE<\/strong> en este fant\u00e1stico emplazamiento de\u00a0<strong>VSA COMUNICACION<\/strong> en la ciudad condal.<\/p>\n<p style=\"text-align: justify;\"><a href=\"https:\/\/www.vsacomunicacion.com\/wp-content\/uploads\/2016\/06\/lona-publicitaria-barcelona-avenida-diagonal-598-fever-tree-panoramica-vsa-comunicacion.jpg\" rel=\"attachment wp-att-2730\"><img fetchpriority=\"high\" decoding=\"async\" class=\"aligncenter size-full wp-image-2730\" src=\"https:\/\/www.vsacomunicacion.com\/wp-content\/uploads\/2016\/06\/lona-publicitaria-barcelona-avenida-diagonal-598-fever-tree-panoramica-vsa-comunicacion.jpg\" alt=\"lona-publicitaria-barcelona-avenida-diagonal-598-fever-tree-panoramica-vsa-comunicacion\" width=\"2397\" height=\"1915\" srcset=\"https:\/\/www.vsacomunicacion.com\/wp-content\/uploads\/2016\/06\/lona-publicitaria-barcelona-avenida-diagonal-598-fever-tree-panoramica-vsa-comunicacion.jpg 2397w, https:\/\/www.vsacomunicacion.com\/wp-content\/uploads\/2016\/06\/lona-publicitaria-barcelona-avenida-diagonal-598-fever-tree-panoramica-vsa-comunicacion-300x240.jpg 300w, https:\/\/www.vsacomunicacion.com\/wp-content\/uploads\/2016\/06\/lona-publicitaria-barcelona-avenida-diagonal-598-fever-tree-panoramica-vsa-comunicacion-1024x818.jpg 1024w, https:\/\/www.vsacomunicacion.com\/wp-content\/uploads\/2016\/06\/lona-publicitaria-barcelona-avenida-diagonal-598-fever-tree-panoramica-vsa-comunicacion-768x614.jpg 768w, https:\/\/www.vsacomunicacion.com\/wp-content\/uploads\/2016\/06\/lona-publicitaria-barcelona-avenida-diagonal-598-fever-tree-panoramica-vsa-comunicacion-1536x1227.jpg 1536w\" sizes=\"(max-width: 2397px) 100vw, 2397px\" \/><\/a><\/p>\n<p style=\"text-align: justify;\"><strong>FEVER-TREE<\/strong>, es la t\u00f3nica m\u00e1s vendida\u00a0y solicitada por los mejores bares y restaurantes del mundo,\u00a0de sabor suave y delicado, con ingredientes completamente naturales y un carb\u00f3nico fino e integrado. Los mixers de FEVER-TREE\u00a0est\u00e1n\u00a0elaborados\u00a0con\u00a0los mejores ingredientes naturales y frescos respetando\u00a0las virtudes de los destilados con los que se combinan<\/p>\n<p style=\"text-align: justify;\">En\u00a02005\u00a0FEVER-TREE\u00a0lanz\u00f3 su primer producto al mercado: la <strong>Fever-Tree Premium Indian Tonic Water<\/strong>. Este mixer, fue el resultado de combinar quinina natural, agua de manantial y ocho bot\u00e1nicos, entre los que destacan los extractos de cal\u00e9ndula y las naranjas amargas de Tanzania.<\/p>\n<p style=\"text-align: justify;\">El producto fue muy bien aceptado por la cr\u00edtica gastron\u00f3mica y, desde entonces, <strong>FEVER-TREE <\/strong>ampl\u00eda su gama pr\u00e1cticamente cada a\u00f1o con la intenci\u00f3n de proporcionar mixers de calidad, completamente naturales y sin edulcorantes y conservantes artificiales, que combinen a la perfecci\u00f3n con los destilados, sin enmascarar sus matices, sabores y aromas.<\/p>\n<p style=\"text-align: justify;\"><em>Si 3\/4 de tu gin-tonic es la t\u00f3nica, escoge la mejor.<\/em><\/p>\n<p style=\"text-align: justify;\">\n","protected":false},"excerpt":{"rendered":"<p>\u00bfPrimavera? \u00bfVerano? La verdad es que con este tiempo andamos un poco despistados&#8230; Lo que sabemos con seguridad\u00a0es cu\u00e1nto\u00a0nos apetece un buen combinado y mucho m\u00e1s viendo est\u00e1 impresionante y refrescante lona publicitaria de la t\u00f3nica FEVER-TREE en este fant\u00e1stico [&hellip;]<\/p>\n","protected":false},"author":3,"featured_media":7286,"comment_status":"open","ping_status":"open","sticky":false,"template":"","format":"standard","meta":{"inline_featured_image":false,"footnotes":""},"categories":[1506,1488],"tags":[1704,1516,1664,1705,1706,2334,1708,1609,1581,2335,1585,1599,1671],"class_list":["post-12210","post","type-post","status-publish","format-standard","has-post-thumbnail","hentry","category-barcelona-en","category-lonas-publicitarias-en","tag-alto-prestigio-publicitario-en","tag-barcelona-en","tag-campana-publicitaria-en","tag-centro-ciudad-en","tag-emplazamiento-premium-en","tag-fever-tree-en","tag-formato-espectacular-en","tag-lonas-publicitarias-2-en","tag-lonas-publicitarias-barcelona-en","tag-premium-indian-tonic-water-en","tag-publicidad-exterior-en","tag-publicidad-gran-formato-en","tag-trafico-rodado-en"],"_links":{"self":[{"href":"https:\/\/www.vsacomunicacion.com\/en\/wp-json\/wp\/v2\/posts\/12210"}],"collection":[{"href":"https:\/\/www.vsacomunicacion.com\/en\/wp-json\/wp\/v2\/posts"}],"about":[{"href":"https:\/\/www.vsacomunicacion.com\/en\/wp-json\/wp\/v2\/types\/post"}],"author":[{"embeddable":true,"href":"https:\/\/www.vsacomunicacion.com\/en\/wp-json\/wp\/v2\/users\/3"}],"replies":[{"embeddable":true,"href":"https:\/\/www.vsacomunicacion.com\/en\/wp-json\/wp\/v2\/comments?post=12210"}],"version-history":[{"count":0,"href":"https:\/\/www.vsacomunicacion.com\/en\/wp-json\/wp\/v2\/posts\/12210\/revisions"}],"wp:featuredmedia":[{"embeddable":true,"href":"https:\/\/www.vsacomunicacion.com\/en\/wp-json\/wp\/v2\/media\/7286"}],"wp:attachment":[{"href":"https:\/\/www.vsacomunicacion.com\/en\/wp-json\/wp\/v2\/media?parent=12210"}],"wp:term":[{"taxonomy":"category","embeddable":true,"href":"https:\/\/www.vsacomunicacion.com\/en\/wp-json\/wp\/v2\/categories?post=12210"},{"taxonomy":"post_tag","embeddable":true,"href":"https:\/\/www.vsacomunicacion.com\/en\/wp-json\/wp\/v2\/tags?post=12210"}],"curies":[{"name":"wp","href":"https:\/\/api.w.org\/{rel}","templated":true}]}}