{"id":12224,"date":"2016-05-12T23:14:50","date_gmt":"2016-05-12T23:14:50","guid":{"rendered":"https:\/\/www.vsacomunicacion.com\/circuito-de-opis-de-si-de-giorgio-armani\/"},"modified":"2016-05-12T23:14:50","modified_gmt":"2016-05-12T23:14:50","slug":"circuito-de-opis-de-si-de-giorgio-armani","status":"publish","type":"post","link":"https:\/\/www.vsacomunicacion.com\/en\/circuito-de-opis-de-si-de-giorgio-armani\/","title":{"rendered":"Circuito de OPIS de S\u00ec de GIORGIO ARMANI"},"content":{"rendered":"<p style=\"text-align: justify;\"><strong>GALA PERFUMERIAS<\/strong>, presente en el Principado Andorra a trav\u00e9s de sus m\u00e1s de 20 tiendas, nos presenta <strong>S\u00ec<\/strong>, la dualidad del nuevo perfume\u00a0de <strong>GIORGIO ARMANI<\/strong> para una mujer excepcional, a trav\u00e9s de un Circuito de <strong>Mobiliario Urbano<\/strong> de <strong>VSA COMUNICACION<\/strong> ideado espec\u00edficamente\u00a0para cubrir los puntos m\u00e1s estrat\u00e9gicos\u00a0en las Parroquias de <strong>Andorra la Vella<\/strong> y <strong>Escales-Engordany<\/strong> de acuerdo a sus preferencias.<\/p>\n<p style=\"text-align: justify;\"><a href=\"https:\/\/www.vsacomunicacion.com\/wp-content\/uploads\/2016\/06\/mobiliario-urbano-oppi-publicidad-exterior-perfumerias-gala-si-giorgio-armani-dia-andorra-vsa-comunicacion.jpg\" rel=\"attachment wp-att-2702\"><img fetchpriority=\"high\" decoding=\"async\" class=\"aligncenter size-full wp-image-2702\" src=\"https:\/\/www.vsacomunicacion.com\/wp-content\/uploads\/2016\/06\/mobiliario-urbano-oppi-publicidad-exterior-perfumerias-gala-si-giorgio-armani-dia-andorra-vsa-comunicacion.jpg\" alt=\"mobiliario-urbano-oppi-publicidad-exterior-perfumerias-gala-si-giorgio-armani-dia-andorra-vsa-comunicacion\" width=\"3000\" height=\"2002\" \/><\/a><\/p>\n<p style=\"text-align: justify;\"><strong>GALA PERFUMER\u00cdAS<\/strong> nos presenta a <strong>S\u00ec<\/strong>, la fragancia\u00a0para una mujer elegante, magn\u00e9tica, carism\u00e1tica, fuerte, pero tambi\u00e9n muestra\u00a0su emoci\u00f3n y sensibilidad.<\/p>\n<p style=\"text-align: justify;\">Esta dualidad est\u00e1\u00a0representada por dos colores: el negro, que simboliza nuestra vida p\u00fablica, el \u00e9xito y el poder, y el rosa, que representa el coraz\u00f3n, nuestro lado m\u00e1s \u00edntimo.<\/p>\n<p class=\"description-container\" style=\"text-align: justify;\">El secreto del poder de esta mujer es su audacia y su coraje, su atrevimiento a decir S\u00cd. Es\u00a0la autora de su propia vida, toma sus propias\u00a0decisiones, siempre con el coraz\u00f3n. Ella dice s\u00ed a la audacia, s\u00ed al amor, s\u00ed a la vida.<a href=\"https:\/\/www.vsacomunicacion.com\/wp-content\/uploads\/2016\/06\/mobiliario-urbano-oppi-publicidad-exterior-perfumerias-gala-si-giorgio-armani-noche-andorra-vsa-comunicacion.jpg\" rel=\"attachment wp-att-2703\"><img decoding=\"async\" class=\"aligncenter size-full wp-image-2703\" src=\"https:\/\/www.vsacomunicacion.com\/wp-content\/uploads\/2016\/06\/mobiliario-urbano-oppi-publicidad-exterior-perfumerias-gala-si-giorgio-armani-noche-andorra-vsa-comunicacion.jpg\" alt=\"mobiliario-urbano-oppi-publicidad-exterior-perfumerias-gala-si-giorgio-armani-noche-andorra-vsa-comunicacion\" width=\"2369\" height=\"1661\" srcset=\"https:\/\/www.vsacomunicacion.com\/wp-content\/uploads\/2016\/06\/mobiliario-urbano-oppi-publicidad-exterior-perfumerias-gala-si-giorgio-armani-noche-andorra-vsa-comunicacion.jpg 2369w, https:\/\/www.vsacomunicacion.com\/wp-content\/uploads\/2016\/06\/mobiliario-urbano-oppi-publicidad-exterior-perfumerias-gala-si-giorgio-armani-noche-andorra-vsa-comunicacion-300x210.jpg 300w, https:\/\/www.vsacomunicacion.com\/wp-content\/uploads\/2016\/06\/mobiliario-urbano-oppi-publicidad-exterior-perfumerias-gala-si-giorgio-armani-noche-andorra-vsa-comunicacion-1024x718.jpg 1024w, https:\/\/www.vsacomunicacion.com\/wp-content\/uploads\/2016\/06\/mobiliario-urbano-oppi-publicidad-exterior-perfumerias-gala-si-giorgio-armani-noche-andorra-vsa-comunicacion-768x538.jpg 768w, https:\/\/www.vsacomunicacion.com\/wp-content\/uploads\/2016\/06\/mobiliario-urbano-oppi-publicidad-exterior-perfumerias-gala-si-giorgio-armani-noche-andorra-vsa-comunicacion-1536x1077.jpg 1536w\" sizes=\"(max-width: 2369px) 100vw, 2369px\" \/><\/a>El dise\u00f1ador <strong>GIORGIO ARMANI<\/strong> define a <strong>S\u00ec<\/strong> como &#8220;un homenaje a la feminidad moderna, una irresistible combinaci\u00f3n de esp\u00edritu independiente, elegancia y fortaleza&#8221;. Se trata de un perfume\u00a0dulce y delicado, pero tambi\u00e9n misterioso y emocionante, una\u00a0fragancia que no deja indiferente.<\/p>\n","protected":false},"excerpt":{"rendered":"<p>GALA PERFUMERIAS, presente en el Principado Andorra a trav\u00e9s de sus m\u00e1s de 20 tiendas, nos presenta S\u00ec, la dualidad del nuevo perfume\u00a0de GIORGIO ARMANI para una mujer excepcional, a trav\u00e9s de un Circuito de Mobiliario Urbano de VSA COMUNICACION [&hellip;]<\/p>\n","protected":false},"author":3,"featured_media":7278,"comment_status":"open","ping_status":"open","sticky":false,"template":"","format":"standard","meta":{"inline_featured_image":false,"footnotes":""},"categories":[1543,1544],"tags":[1763,1764,1664,1781,1701,2341,1694,2056,2342,1585,1586,2343,1671],"class_list":["post-12224","post","type-post","status-publish","format-standard","has-post-thumbnail","hentry","category-andorra-en","category-mobiliario-urbano-en","tag-andorra-en","tag-andorra-la-vella-en","tag-campana-publicitaria-en","tag-circuito-urbano-en","tag-espectacular-en","tag-giorgio-armani-en","tag-gran-notoriedad-en","tag-mobiliario-urbano-andorra-en","tag-perfumerias-gala-en","tag-publicidad-exterior-en","tag-publicidad-urbana-en","tag-si-en","tag-trafico-rodado-en"],"_links":{"self":[{"href":"https:\/\/www.vsacomunicacion.com\/en\/wp-json\/wp\/v2\/posts\/12224"}],"collection":[{"href":"https:\/\/www.vsacomunicacion.com\/en\/wp-json\/wp\/v2\/posts"}],"about":[{"href":"https:\/\/www.vsacomunicacion.com\/en\/wp-json\/wp\/v2\/types\/post"}],"author":[{"embeddable":true,"href":"https:\/\/www.vsacomunicacion.com\/en\/wp-json\/wp\/v2\/users\/3"}],"replies":[{"embeddable":true,"href":"https:\/\/www.vsacomunicacion.com\/en\/wp-json\/wp\/v2\/comments?post=12224"}],"version-history":[{"count":0,"href":"https:\/\/www.vsacomunicacion.com\/en\/wp-json\/wp\/v2\/posts\/12224\/revisions"}],"wp:featuredmedia":[{"embeddable":true,"href":"https:\/\/www.vsacomunicacion.com\/en\/wp-json\/wp\/v2\/media\/7278"}],"wp:attachment":[{"href":"https:\/\/www.vsacomunicacion.com\/en\/wp-json\/wp\/v2\/media?parent=12224"}],"wp:term":[{"taxonomy":"category","embeddable":true,"href":"https:\/\/www.vsacomunicacion.com\/en\/wp-json\/wp\/v2\/categories?post=12224"},{"taxonomy":"post_tag","embeddable":true,"href":"https:\/\/www.vsacomunicacion.com\/en\/wp-json\/wp\/v2\/tags?post=12224"}],"curies":[{"name":"wp","href":"https:\/\/api.w.org\/{rel}","templated":true}]}}