{"id":12225,"date":"2016-05-10T14:57:17","date_gmt":"2016-05-10T14:57:17","guid":{"rendered":"https:\/\/www.vsacomunicacion.com\/lona-publicitaria-disney-en-la-calle-balmes\/"},"modified":"2016-05-10T14:57:17","modified_gmt":"2016-05-10T14:57:17","slug":"lona-publicitaria-disney-en-la-calle-balmes","status":"publish","type":"post","link":"https:\/\/www.vsacomunicacion.com\/en\/lona-publicitaria-disney-en-la-calle-balmes\/","title":{"rendered":"Lona publicitaria DISNEY en la calle Balmes"},"content":{"rendered":"<p style=\"text-align: justify;\">La factor\u00eda <strong>DISNEY<\/strong> nos presenta con esta\u00a0espectacular <strong>lona publicitaria<\/strong> de\u00a0su \u00faltima pel\u00edcula, <strong>ALICIA A TRAV\u00c9S DEL ESPEJO<\/strong>, en el emplezamiento Premium de <strong>VSA COMUNICACION<\/strong> situado en el\u00a0chafl\u00e1n de la calle Balmes con Travesera de Gracia.<\/p>\n<p style=\"text-align: justify;\"><a href=\"https:\/\/www.vsacomunicacion.com\/wp-content\/uploads\/2016\/05\/lona-publicitaria-barcelona-balmes-206-disney-alicia-a-traves-del-espejo-travessera-vsa-comunicacion.jpg\" rel=\"attachment wp-att-2668\"><img fetchpriority=\"high\" decoding=\"async\" class=\"aligncenter size-full wp-image-2668\" src=\"https:\/\/www.vsacomunicacion.com\/wp-content\/uploads\/2016\/05\/lona-publicitaria-barcelona-balmes-206-disney-alicia-a-traves-del-espejo-travessera-vsa-comunicacion.jpg\" alt=\"lona-publicitaria-barcelona-balmes-206-disney-alicia-a-traves-del-espejo-travessera-vsa-comunicacion\" width=\"3438\" height=\"2295\" \/><\/a><\/p>\n<p style=\"text-align: justify;\"><strong>ALICIA A TRAV\u00c9S DEL ESPEJO<\/strong> es la continuaci\u00f3n de\u00a0<em>ALICIA EN EL PAIS DE LAS MARAVILLAS<\/em>, filme tambi\u00e9n de\u00a0<strong>DISNEY<\/strong> basado en la novela de Lewis Carroll y\u00a0producida\u00a0por\u00a0Tim Burton\u00a0el a\u00f1o 2010.<\/p>\n<p style=\"text-align: justify;\">Su reparto no dejar\u00e1 a nadie indiferente pues cuenta con actores de gran renombre como\u00a0Johnny Depp, que repite\u00a0de\u00a0sombrerero Loco al igual que Mia Wasikowska de\u00a0Alicia, Helena Bonham Carter como\u00a0la Reina Roja y Anne Hathaway de Reina Blanca.\u00a0En esta ocasi\u00f3n la\u00a0pel\u00edcula ha sido\u00a0dirigida por James Bobin.<\/p>\n<p style=\"text-align: justify;\"><a href=\"https:\/\/www.vsacomunicacion.com\/wp-content\/uploads\/2016\/05\/lona-publicitaria-barcelona-balmes-206-disney-alicia-a-traves-del-espejo-vsa-comunicacion.jpg\" rel=\"attachment wp-att-2669\"><img decoding=\"async\" class=\"aligncenter size-full wp-image-2669\" src=\"https:\/\/www.vsacomunicacion.com\/wp-content\/uploads\/2016\/05\/lona-publicitaria-barcelona-balmes-206-disney-alicia-a-traves-del-espejo-vsa-comunicacion.jpg\" alt=\"lona-publicitaria-barcelona-balmes-206-disney-alicia-a-traves-del-espejo-vsa-comunicacion\" width=\"3239\" height=\"2162\" \/><\/a><\/p>\n<p style=\"text-align: justify;\"><strong>WALT DISNEY PICTURES<\/strong> ha lanzado los \u00faltimos meses, de forma estrat\u00e9gicamente gradual, ciertos\u00a0trailers que han creado\u00a0gran expectaci\u00f3n entre sus seguidores. Gracias a\u00a0ellos\u00a0sabemos que la protagonista de ALICIA A TRAV\u00c9S DEL ESPEJO\u00a0regresa al\u00a0enigm\u00e1tico mundo de las maravillas a trav\u00e9s de un espejo con el fin de salvar al Sombrerero Loco.<\/p>\n<p><em>SALVAR AL SOMBRERERO ES S\u00d3LO CUESTI\u00d3N DE TIEMPO.<\/em><\/p>\n<p style=\"text-align: justify;\">No os perd\u00e1is su estreno en cines el pr\u00f3ximo 27 de mayo!!<\/p>\n<p>&nbsp;<\/p>\n","protected":false},"excerpt":{"rendered":"<p>La factor\u00eda DISNEY nos presenta con esta\u00a0espectacular lona publicitaria de\u00a0su \u00faltima pel\u00edcula, ALICIA A TRAV\u00c9S DEL ESPEJO, en el emplezamiento Premium de VSA COMUNICACION situado en el\u00a0chafl\u00e1n de la calle Balmes con Travesera de Gracia. ALICIA A TRAV\u00c9S DEL ESPEJO [&hellip;]<\/p>\n","protected":false},"author":3,"featured_media":7269,"comment_status":"open","ping_status":"open","sticky":false,"template":"","format":"standard","meta":{"inline_featured_image":false,"footnotes":""},"categories":[1506,1488],"tags":[2344,1516,1664,1705,1717,1706,1693,1680,1609,1581,1585,1599],"class_list":["post-12225","post","type-post","status-publish","format-standard","has-post-thumbnail","hentry","category-barcelona-en","category-lonas-publicitarias-en","tag-alicia-a-traves-del-espejo-en","tag-barcelona-en","tag-campana-publicitaria-en","tag-centro-ciudad-en","tag-disney-en","tag-emplazamiento-premium-en","tag-gran-formato-en","tag-lona-espectacular-en","tag-lonas-publicitarias-2-en","tag-lonas-publicitarias-barcelona-en","tag-publicidad-exterior-en","tag-publicidad-gran-formato-en"],"_links":{"self":[{"href":"https:\/\/www.vsacomunicacion.com\/en\/wp-json\/wp\/v2\/posts\/12225"}],"collection":[{"href":"https:\/\/www.vsacomunicacion.com\/en\/wp-json\/wp\/v2\/posts"}],"about":[{"href":"https:\/\/www.vsacomunicacion.com\/en\/wp-json\/wp\/v2\/types\/post"}],"author":[{"embeddable":true,"href":"https:\/\/www.vsacomunicacion.com\/en\/wp-json\/wp\/v2\/users\/3"}],"replies":[{"embeddable":true,"href":"https:\/\/www.vsacomunicacion.com\/en\/wp-json\/wp\/v2\/comments?post=12225"}],"version-history":[{"count":0,"href":"https:\/\/www.vsacomunicacion.com\/en\/wp-json\/wp\/v2\/posts\/12225\/revisions"}],"wp:featuredmedia":[{"embeddable":true,"href":"https:\/\/www.vsacomunicacion.com\/en\/wp-json\/wp\/v2\/media\/7269"}],"wp:attachment":[{"href":"https:\/\/www.vsacomunicacion.com\/en\/wp-json\/wp\/v2\/media?parent=12225"}],"wp:term":[{"taxonomy":"category","embeddable":true,"href":"https:\/\/www.vsacomunicacion.com\/en\/wp-json\/wp\/v2\/categories?post=12225"},{"taxonomy":"post_tag","embeddable":true,"href":"https:\/\/www.vsacomunicacion.com\/en\/wp-json\/wp\/v2\/tags?post=12225"}],"curies":[{"name":"wp","href":"https:\/\/api.w.org\/{rel}","templated":true}]}}