{"id":12237,"date":"2016-05-01T22:53:25","date_gmt":"2016-05-01T22:53:25","guid":{"rendered":"https:\/\/www.vsacomunicacion.com\/lona-bmw-premium-en-barcelona\/"},"modified":"2016-05-01T22:53:25","modified_gmt":"2016-05-01T22:53:25","slug":"lona-bmw-premium-en-barcelona","status":"publish","type":"post","link":"https:\/\/www.vsacomunicacion.com\/en\/lona-bmw-premium-en-barcelona\/","title":{"rendered":"Lona BMW PREMIUM en Barcelona"},"content":{"rendered":"<p style=\"text-align: justify;\"><em>&#8220;EL\u00a0FUTURO EMPIEZA EN BARCELONA PREMIUM, EL CONCESIONARIO BMW DEL MA\u00d1ANA&#8221;<\/em>, as\u00ed de claro es el mensaje de\u00a0la\u00a0fant\u00e1stica <strong>lona publicitaria<\/strong>\u00a0de m\u00e1s de 1.000 m\u00b2 que <strong><a href=\"http:\/\/www.barcelonapremium.es\/\" target=\"_blank\" rel=\"noopener\">BARCELONA\u00a0PREMIUM<\/a><\/strong> ha escogido exhibir\u00a0en uno de los emplazamientos Premium de <strong>VSA COMUNICACION<\/strong>.<\/p>\n<p><a href=\"https:\/\/www.vsacomunicacion.com\/wp-content\/uploads\/2016\/05\/lona-publicitaria-barcelona-avenida-diagonal-598-bmw-premium-vsa-comunicacion.jpg\" rel=\"attachment wp-att-2653\"><img fetchpriority=\"high\" decoding=\"async\" class=\"aligncenter size-full wp-image-2653\" src=\"https:\/\/www.vsacomunicacion.com\/wp-content\/uploads\/2016\/05\/lona-publicitaria-barcelona-avenida-diagonal-598-bmw-premium-vsa-comunicacion.jpg\" alt=\"lona-publicitaria-barcelona-avenida-diagonal-598-bmw-premium-vsa-comunicacion\" width=\"2753\" height=\"1837\" \/><\/a><\/p>\n<p style=\"text-align: justify;\"><strong>BARCELONA PREMIUM<\/strong> es tu concesario <strong>BMW<\/strong>, MINI, BMW MOTORRAD y los innovadores veh\u00edculos el\u00e9ctricos BMW i de la ciudad de Barcelona. Cuentan con 5 instalaciones en las que tienen a tu disposici\u00f3n un espacio de vanguardia con profesionales altamente cualificados y todo lo que t\u00fa\u00a0y tu veh\u00edculo necesiten para disfrutar del aut\u00e9ntico placer de conducir:<\/p>\n<p>&#8211; Toda la gama de veh\u00edculos nuevos de BMW\u00a0y\u00a0MINI.<\/p>\n<p>&#8211; Una gran variedad de veh\u00edculos de ocasi\u00f3n certificado\u200bs BMW Premium Selection y MINI Next.<\/p>\n<p style=\"text-align: justify;\">&#8211; El Servicio Postventa m\u00e1s cualificado con los mejores especialistas.<\/p>\n<p style=\"text-align: justify;\"><strong>BARCELONA PREMIUM<\/strong> es el resultado de una joint venture empresarial entre dos de los principales grupos de distribuci\u00f3n de autom\u00f3viles del Mundo: <a href=\"http:\/\/www.penskeautomotive.com\/\" target=\"_blank\" rel=\"noopener\">PE<\/a>NSKE\u00a0e <a href=\"http:\/\/www.ibericar.es\/\" target=\"_blank\" rel=\"noopener\">IBERICAR.<\/a>\u00a0De este acuerdo empresarial obtenemos una organizaci\u00f3n altamente cualificada cuya prioridad es la orientaci\u00f3n al cliente bajo la m\u00e1xima exigencia en\u00a0calidad y servicio.<\/p>\n<p style=\"text-align: justify;\">CALIDAD, EFICACIA\u00a0e INNOVACI\u00d3N\u00a0son los tres pilares en los\u00a0que se basa <strong>BMW Service<\/strong>\u00a0de\u00a0<strong>BARCELONA\u00a0PREMIUM<\/strong>. Tienen el firme\u00a0compromiso de\u00a0ofrecerte un servicio de primera clase gracias a su personal formado en la Escuela T\u00e9cnica BMW\u00a0y la\u00a0garant\u00eda de\u00a0utilizaci\u00f3n de recambios originales BMW.<\/p>\n<p style=\"text-align: justify;\">No te lo pienses m\u00e1s y visita tu <strong>BARCELONA PREMIUM<\/strong> m\u00e1s cercano. Los encontrar\u00e1s en <a href=\"http:\/\/www.barcelonapremium.es\/concesionario\/barcelona-premium-sant-boi\/\" target=\"_blank\" rel=\"noopener\">Sant Boi<\/a>, <a href=\"http:\/\/www.barcelonapremium.es\/concesionario\/barcelona-premium-plaza-cerda\/\" target=\"_blank\" rel=\"noopener\">Plaza Cerd\u00e1<\/a>, <a href=\"http:\/\/www.barcelonapremium.es\/concesionario\/barcelona-premium-diagonal\/\" target=\"_blank\" rel=\"noopener\">Diagonal<\/a>, <a href=\"http:\/\/www.barcelonapremium.es\/concesionario\/barcelona-premium-ronda-de-dalt\/\" target=\"_blank\" rel=\"noopener\">Ronda de Dalt<\/a> i <a href=\"http:\/\/www.barcelonapremium.es\/concesionario\/barcelona-premium-ronda-litoral\/\" target=\"_blank\" rel=\"noopener\">Ronda Litoral<\/a>.<\/p>\n","protected":false},"excerpt":{"rendered":"<p>&#8220;EL\u00a0FUTURO EMPIEZA EN BARCELONA PREMIUM, EL CONCESIONARIO BMW DEL MA\u00d1ANA&#8221;, as\u00ed de claro es el mensaje de\u00a0la\u00a0fant\u00e1stica lona publicitaria\u00a0de m\u00e1s de 1.000 m\u00b2 que BARCELONA\u00a0PREMIUM ha escogido exhibir\u00a0en uno de los emplazamientos Premium de VSA COMUNICACION. BARCELONA PREMIUM es tu [&hellip;]<\/p>\n","protected":false},"author":3,"featured_media":7263,"comment_status":"open","ping_status":"open","sticky":false,"template":"","format":"standard","meta":{"inline_featured_image":false,"footnotes":""},"categories":[1506,1488],"tags":[1704,1516,1654,2347,1705,1706,1708,1609,1581,2214,1585,1599],"class_list":["post-12237","post","type-post","status-publish","format-standard","has-post-thumbnail","hentry","category-barcelona-en","category-lonas-publicitarias-en","tag-alto-prestigio-publicitario-en","tag-barcelona-en","tag-barcelona-premium-en","tag-bmw-en","tag-centro-ciudad-en","tag-emplazamiento-premium-en","tag-formato-espectacular-en","tag-lonas-publicitarias-2-en","tag-lonas-publicitarias-barcelona-en","tag-premium-en","tag-publicidad-exterior-en","tag-publicidad-gran-formato-en"],"_links":{"self":[{"href":"https:\/\/www.vsacomunicacion.com\/en\/wp-json\/wp\/v2\/posts\/12237"}],"collection":[{"href":"https:\/\/www.vsacomunicacion.com\/en\/wp-json\/wp\/v2\/posts"}],"about":[{"href":"https:\/\/www.vsacomunicacion.com\/en\/wp-json\/wp\/v2\/types\/post"}],"author":[{"embeddable":true,"href":"https:\/\/www.vsacomunicacion.com\/en\/wp-json\/wp\/v2\/users\/3"}],"replies":[{"embeddable":true,"href":"https:\/\/www.vsacomunicacion.com\/en\/wp-json\/wp\/v2\/comments?post=12237"}],"version-history":[{"count":0,"href":"https:\/\/www.vsacomunicacion.com\/en\/wp-json\/wp\/v2\/posts\/12237\/revisions"}],"wp:featuredmedia":[{"embeddable":true,"href":"https:\/\/www.vsacomunicacion.com\/en\/wp-json\/wp\/v2\/media\/7263"}],"wp:attachment":[{"href":"https:\/\/www.vsacomunicacion.com\/en\/wp-json\/wp\/v2\/media?parent=12237"}],"wp:term":[{"taxonomy":"category","embeddable":true,"href":"https:\/\/www.vsacomunicacion.com\/en\/wp-json\/wp\/v2\/categories?post=12237"},{"taxonomy":"post_tag","embeddable":true,"href":"https:\/\/www.vsacomunicacion.com\/en\/wp-json\/wp\/v2\/tags?post=12237"}],"curies":[{"name":"wp","href":"https:\/\/api.w.org\/{rel}","templated":true}]}}