{"id":12241,"date":"2016-04-15T12:00:06","date_gmt":"2016-04-15T12:00:06","guid":{"rendered":"https:\/\/www.vsacomunicacion.com\/circuito-de-opis-black-opium\/"},"modified":"2016-04-15T12:00:06","modified_gmt":"2016-04-15T12:00:06","slug":"circuito-de-opis-black-opium","status":"publish","type":"post","link":"https:\/\/www.vsacomunicacion.com\/en\/circuito-de-opis-black-opium\/","title":{"rendered":"Circuito de Opis BLACK OPIUM"},"content":{"rendered":"<p style=\"text-align: justify;\"><strong>PERFUMERIA JULIA<\/strong> ha contado con el <strong>Mobiliario Urbano\u00a0<\/strong>de<strong> VSA COMUNICACION<\/strong>, abarcando los Parroquias de Escaldes-Engordany y Andorra la Vella, para presentarnos la fragancia femenina de <strong>YVES SAINT LAURENT<\/strong>\u00a0que por primera vez fusiona notas floras con notas de caf\u00e9,<strong> BLACK OPIUM<\/strong>.<\/p>\n<p style=\"text-align: justify;\"><a href=\"https:\/\/www.vsacomunicacion.com\/wp-content\/uploads\/2016\/06\/mobiliario-urbano-oppi-publicidad-exterior-black-opium-yves-saint-laurent-perfumerias-julia-andorra-vsa-comunicacion.jpg\" rel=\"attachment wp-att-2722\"><img fetchpriority=\"high\" decoding=\"async\" class=\"aligncenter size-full wp-image-2722\" src=\"https:\/\/www.vsacomunicacion.com\/wp-content\/uploads\/2016\/06\/mobiliario-urbano-oppi-publicidad-exterior-black-opium-yves-saint-laurent-perfumerias-julia-andorra-vsa-comunicacion.jpg\" alt=\"mobiliario-urbano-oppi-publicidad-exterior-black-opium-yves-saint-laurent-perfumerias-julia-andorra-vsa-comunicacion\" width=\"2144\" height=\"2002\" srcset=\"https:\/\/www.vsacomunicacion.com\/wp-content\/uploads\/2016\/06\/mobiliario-urbano-oppi-publicidad-exterior-black-opium-yves-saint-laurent-perfumerias-julia-andorra-vsa-comunicacion.jpg 2144w, https:\/\/www.vsacomunicacion.com\/wp-content\/uploads\/2016\/06\/mobiliario-urbano-oppi-publicidad-exterior-black-opium-yves-saint-laurent-perfumerias-julia-andorra-vsa-comunicacion-300x280.jpg 300w, https:\/\/www.vsacomunicacion.com\/wp-content\/uploads\/2016\/06\/mobiliario-urbano-oppi-publicidad-exterior-black-opium-yves-saint-laurent-perfumerias-julia-andorra-vsa-comunicacion-1024x956.jpg 1024w, https:\/\/www.vsacomunicacion.com\/wp-content\/uploads\/2016\/06\/mobiliario-urbano-oppi-publicidad-exterior-black-opium-yves-saint-laurent-perfumerias-julia-andorra-vsa-comunicacion-768x717.jpg 768w, https:\/\/www.vsacomunicacion.com\/wp-content\/uploads\/2016\/06\/mobiliario-urbano-oppi-publicidad-exterior-black-opium-yves-saint-laurent-perfumerias-julia-andorra-vsa-comunicacion-1536x1434.jpg 1536w\" sizes=\"(max-width: 2144px) 100vw, 2144px\" \/><\/a><\/p>\n<p style=\"text-align: justify;\"><strong>BLACK OPIUM<\/strong> est\u00e1 inspirada en una mujer moderna, joven, libre, urbana, segura de s\u00ed misma, femenina y adictiva, en constante b\u00fasqueda de nuevas experiencias, y BLACK OPIUM es su dosis de adrenalina, la energ\u00eda que necesita para tener una vida m\u00e1s intensa donde el exceso nunca es suficiente, abre la puerta a descubrir el car\u00e1cter m\u00e1s arrollador y desafiante que habita en el interior de cada mujer.<\/p>\n<p style=\"text-align: justify;\"><strong>BLACK OPIUM<\/strong>, una fragancia dirigida a chicas j\u00f3venes con car\u00e1cter que no quieren el cl\u00e1sico perfume de flores y corazones.<\/p>\n<p><a href=\"https:\/\/www.vsacomunicacion.com\/wp-content\/uploads\/2016\/06\/mobiliario-urbano-oppi-publicidad-exterior-black-opium-yves-saint-laurent-perfumerias-julia-noche-andorra-vsa-comunicacion.jpg\" rel=\"attachment wp-att-2723\"><img decoding=\"async\" class=\"aligncenter size-full wp-image-2723\" src=\"https:\/\/www.vsacomunicacion.com\/wp-content\/uploads\/2016\/06\/mobiliario-urbano-oppi-publicidad-exterior-black-opium-yves-saint-laurent-perfumerias-julia-noche-andorra-vsa-comunicacion.jpg\" alt=\"mobiliario-urbano-oppi-publicidad-exterior-black-opium-yves-saint-laurent-perfumerias-julia-noche-andorra-vsa-comunicacion\" width=\"2448\" height=\"1882\" srcset=\"https:\/\/www.vsacomunicacion.com\/wp-content\/uploads\/2016\/06\/mobiliario-urbano-oppi-publicidad-exterior-black-opium-yves-saint-laurent-perfumerias-julia-noche-andorra-vsa-comunicacion.jpg 2448w, https:\/\/www.vsacomunicacion.com\/wp-content\/uploads\/2016\/06\/mobiliario-urbano-oppi-publicidad-exterior-black-opium-yves-saint-laurent-perfumerias-julia-noche-andorra-vsa-comunicacion-300x231.jpg 300w, https:\/\/www.vsacomunicacion.com\/wp-content\/uploads\/2016\/06\/mobiliario-urbano-oppi-publicidad-exterior-black-opium-yves-saint-laurent-perfumerias-julia-noche-andorra-vsa-comunicacion-1024x787.jpg 1024w, https:\/\/www.vsacomunicacion.com\/wp-content\/uploads\/2016\/06\/mobiliario-urbano-oppi-publicidad-exterior-black-opium-yves-saint-laurent-perfumerias-julia-noche-andorra-vsa-comunicacion-768x590.jpg 768w, https:\/\/www.vsacomunicacion.com\/wp-content\/uploads\/2016\/06\/mobiliario-urbano-oppi-publicidad-exterior-black-opium-yves-saint-laurent-perfumerias-julia-noche-andorra-vsa-comunicacion-1536x1181.jpg 1536w\" sizes=\"(max-width: 2448px) 100vw, 2448px\" \/><\/a><\/p>\n<p style=\"text-align: justify;\">La historia de <strong>PERFUMER\u00cdA JULIA<\/strong> se remonta a 1922 en el Principado de Andorra con la apertura de una peluquer\u00eda que, tras pasar varios a\u00f1os y una Guerra Civil Espa\u00f1ola, su\u00a0fundadora, Do\u00f1a Julia Bonet, siendo consciente de\u00a0la limitaci\u00f3n de su pa\u00eds para comunicarse con pa\u00edses vecinos, decidi\u00f3 desplazarse a Toulouse a buscar productos cosm\u00e9ticos que no se encontraban en ninguno de los dos pa\u00edses lim\u00edtrofes. As\u00ed naci\u00f3 PERFUMERIA JULIA.<\/p>\n<p style=\"text-align: justify;\">Con el paso de los a\u00f1os se ha impulsado el crecimiento del negocio con aperturas de nuevos puntos de venta, primero en el Principado y\u00a0a partir de 1999 en Espa\u00f1a.<\/p>\n<p style=\"text-align: justify;\">En la actualidad PERFUMERIA JULIA\u00a0tiene 68 establecimientos, 20 en Andorra y el resto en el territorio espa\u00f1ol y ha sido galardonado con numerosos y reconocidos\u00a0premios: Mejor Perfumer\u00eda del A\u00f1o, Mejor Atenci\u00f3n al Cliente y Mejor Cadena de Perfumer\u00eda.<\/p>\n","protected":false},"excerpt":{"rendered":"<p>PERFUMERIA JULIA ha contado con el Mobiliario Urbano\u00a0de VSA COMUNICACION, abarcando los Parroquias de Escaldes-Engordany y Andorra la Vella, para presentarnos la fragancia femenina de YVES SAINT LAURENT\u00a0que por primera vez fusiona notas floras con notas de caf\u00e9, BLACK OPIUM. [&hellip;]<\/p>\n","protected":false},"author":3,"featured_media":7284,"comment_status":"open","ping_status":"open","sticky":false,"template":"","format":"standard","meta":{"inline_featured_image":false,"footnotes":""},"categories":[1543,1544],"tags":[1764,2349,1664,1705,2294,1694,2056,1585,1586,2242],"class_list":["post-12241","post","type-post","status-publish","format-standard","has-post-thumbnail","hentry","category-andorra-en","category-mobiliario-urbano-en","tag-andorra-la-vella-en","tag-black-opium-en","tag-campana-publicitaria-en","tag-centro-ciudad-en","tag-escaldes-engordany-en","tag-gran-notoriedad-en","tag-mobiliario-urbano-andorra-en","tag-publicidad-exterior-en","tag-publicidad-urbana-en","tag-yves-saint-laurent-en"],"_links":{"self":[{"href":"https:\/\/www.vsacomunicacion.com\/en\/wp-json\/wp\/v2\/posts\/12241"}],"collection":[{"href":"https:\/\/www.vsacomunicacion.com\/en\/wp-json\/wp\/v2\/posts"}],"about":[{"href":"https:\/\/www.vsacomunicacion.com\/en\/wp-json\/wp\/v2\/types\/post"}],"author":[{"embeddable":true,"href":"https:\/\/www.vsacomunicacion.com\/en\/wp-json\/wp\/v2\/users\/3"}],"replies":[{"embeddable":true,"href":"https:\/\/www.vsacomunicacion.com\/en\/wp-json\/wp\/v2\/comments?post=12241"}],"version-history":[{"count":0,"href":"https:\/\/www.vsacomunicacion.com\/en\/wp-json\/wp\/v2\/posts\/12241\/revisions"}],"wp:featuredmedia":[{"embeddable":true,"href":"https:\/\/www.vsacomunicacion.com\/en\/wp-json\/wp\/v2\/media\/7284"}],"wp:attachment":[{"href":"https:\/\/www.vsacomunicacion.com\/en\/wp-json\/wp\/v2\/media?parent=12241"}],"wp:term":[{"taxonomy":"category","embeddable":true,"href":"https:\/\/www.vsacomunicacion.com\/en\/wp-json\/wp\/v2\/categories?post=12241"},{"taxonomy":"post_tag","embeddable":true,"href":"https:\/\/www.vsacomunicacion.com\/en\/wp-json\/wp\/v2\/tags?post=12241"}],"curies":[{"name":"wp","href":"https:\/\/api.w.org\/{rel}","templated":true}]}}