{"id":12251,"date":"2016-04-09T08:45:43","date_gmt":"2016-04-09T08:45:43","guid":{"rendered":"https:\/\/www.vsacomunicacion.com\/circuito-de-pyms-en-barcelona-con-beefeater-in-edit\/"},"modified":"2016-04-09T08:45:43","modified_gmt":"2016-04-09T08:45:43","slug":"circuito-de-pyms-en-barcelona-con-beefeater-in-edit","status":"publish","type":"post","link":"https:\/\/www.vsacomunicacion.com\/en\/circuito-de-pyms-en-barcelona-con-beefeater-in-edit\/","title":{"rendered":"Circuito de PYM&#8217;s en Barcelona, Madrid, Valencia y M\u00e1laga con BEEFEATER IN-EDIT"},"content":{"rendered":"<p style=\"text-align: justify;\">Una vez m\u00e1s <strong>BEEFEATER<\/strong> conf\u00eda en los Circuitos de<strong> PYM&#8217;s<\/strong> de <strong>VSA COMUNICACION<\/strong> para anunciar la pr\u00f3xima edici\u00f3n del Festival internacional de cine documental\u00a0<strong>BEEFEATER IN-EDIT<\/strong>. En esta ocasi\u00f3n BEEFEATER IN-EDIT est\u00e1 presente en las ciudades de <strong>M\u00e1laga<\/strong>, <strong>Madrid<\/strong>,<strong> Valencia<\/strong> y <strong>Barcelona<\/strong>.<\/p>\n<p style=\"text-align: justify;\"><a href=\"https:\/\/www.vsacomunicacion.com\/wp-content\/uploads\/2016\/04\/pym-barcelona-travesera-de-gracia-beefeater-inedit-abril-vsa-comunicacion.jpg\" rel=\"attachment wp-att-2614\"><img fetchpriority=\"high\" decoding=\"async\" class=\"aligncenter size-full wp-image-2614\" src=\"https:\/\/www.vsacomunicacion.com\/wp-content\/uploads\/2016\/04\/pym-barcelona-travesera-de-gracia-beefeater-inedit-abril-vsa-comunicacion.jpg\" alt=\"pym-barcelona-travesera-de-gracia-beefeater-inedit-abril-vsa-comunicacion\" width=\"2884\" height=\"1891\" \/><\/a><\/p>\n<p style=\"text-align: justify;\"><strong>IN-EDIT<\/strong> es una red internacional de festivales de cine relacionados con el documental musical.<\/p>\n<p style=\"text-align: justify;\">Desde su creaci\u00f3n en 2003, IN-EDIT ha organizado 36 ediciones en distintos pa\u00edses del mundo, exhibiendo m\u00e1s de 600 documentales musicales y movilizando a m\u00e1s de 80.000 espectadores.<\/p>\n<p><a href=\"https:\/\/www.vsacomunicacion.com\/wp-content\/uploads\/2016\/03\/pym-malaga-juan-XXIII-beefeater-inedit-abril-vsa-comunicacion.jpg\" rel=\"attachment wp-att-2617\"><img decoding=\"async\" class=\"aligncenter size-full wp-image-2617\" src=\"https:\/\/www.vsacomunicacion.com\/wp-content\/uploads\/2016\/03\/pym-malaga-juan-XXIII-beefeater-inedit-abril-vsa-comunicacion.jpg\" alt=\"pym-malaga-juan-XXIII-beefeater-inedit-abril-vsa-comunicacion\" width=\"3264\" height=\"1840\" \/><\/a><\/p>\n<p style=\"text-align: justify;\">IN-EDIT es tambi\u00e9n una plataforma de difusi\u00f3n cultural especializada en el documental musical y otros g\u00e9neros audiovisuales centrados en la m\u00fasica, y ejerce como distribuidora, gestora de derechos y productora. Adem\u00e1s, a trav\u00e9s de <strong><a href=\"http:\/\/www.in-edit.tv\/\" target=\"_blank\" rel=\"noopener\">IN-EDIT TV<\/a><\/strong>, es tambi\u00e9n una plataforma web de v\u00eddeos a la carta.<\/p>\n","protected":false},"excerpt":{"rendered":"<p>Una vez m\u00e1s BEEFEATER conf\u00eda en los Circuitos de PYM&#8217;s de VSA COMUNICACION para anunciar la pr\u00f3xima edici\u00f3n del Festival internacional de cine documental\u00a0BEEFEATER IN-EDIT. En esta ocasi\u00f3n BEEFEATER IN-EDIT est\u00e1 presente en las ciudades de M\u00e1laga, Madrid, Valencia y [&hellip;]<\/p>\n","protected":false},"author":3,"featured_media":7256,"comment_status":"open","ping_status":"open","sticky":false,"template":"","format":"standard","meta":{"inline_featured_image":false,"footnotes":""},"categories":[1506,1489,1813,1593,1640],"tags":[1516,1858,2270,1664,1705,1781,1499,1816,1585,1586,1676,1702,1677,1973,1934,1671,1645],"class_list":["post-12251","post","type-post","status-publish","format-standard","has-post-thumbnail","hentry","category-barcelona-en","category-madrid-en","category-malaga-en","category-pyms-en","category-valencia-en","tag-barcelona-en","tag-beefeater-en","tag-beefeater-in-edit-en","tag-campana-publicitaria-en","tag-centro-ciudad-en","tag-circuito-urbano-en","tag-madrid-en","tag-malaga-en","tag-publicidad-exterior-en","tag-publicidad-urbana-en","tag-pyms-2-en","tag-pyms-barcelona-en","tag-pyms-madrid-en","tag-pyms-malaga-en","tag-pyms-valencia-en","tag-trafico-rodado-en","tag-valencia-en"],"_links":{"self":[{"href":"https:\/\/www.vsacomunicacion.com\/en\/wp-json\/wp\/v2\/posts\/12251"}],"collection":[{"href":"https:\/\/www.vsacomunicacion.com\/en\/wp-json\/wp\/v2\/posts"}],"about":[{"href":"https:\/\/www.vsacomunicacion.com\/en\/wp-json\/wp\/v2\/types\/post"}],"author":[{"embeddable":true,"href":"https:\/\/www.vsacomunicacion.com\/en\/wp-json\/wp\/v2\/users\/3"}],"replies":[{"embeddable":true,"href":"https:\/\/www.vsacomunicacion.com\/en\/wp-json\/wp\/v2\/comments?post=12251"}],"version-history":[{"count":0,"href":"https:\/\/www.vsacomunicacion.com\/en\/wp-json\/wp\/v2\/posts\/12251\/revisions"}],"wp:featuredmedia":[{"embeddable":true,"href":"https:\/\/www.vsacomunicacion.com\/en\/wp-json\/wp\/v2\/media\/7256"}],"wp:attachment":[{"href":"https:\/\/www.vsacomunicacion.com\/en\/wp-json\/wp\/v2\/media?parent=12251"}],"wp:term":[{"taxonomy":"category","embeddable":true,"href":"https:\/\/www.vsacomunicacion.com\/en\/wp-json\/wp\/v2\/categories?post=12251"},{"taxonomy":"post_tag","embeddable":true,"href":"https:\/\/www.vsacomunicacion.com\/en\/wp-json\/wp\/v2\/tags?post=12251"}],"curies":[{"name":"wp","href":"https:\/\/api.w.org\/{rel}","templated":true}]}}