{"id":12253,"date":"2016-04-07T21:19:36","date_gmt":"2016-04-07T21:19:36","guid":{"rendered":"https:\/\/www.vsacomunicacion.com\/opis-y-marquesinas-vivand-en-escaldes-engordany\/"},"modified":"2016-04-07T21:19:36","modified_gmt":"2016-04-07T21:19:36","slug":"opis-y-marquesinas-vivand-en-escaldes-engordany","status":"publish","type":"post","link":"https:\/\/www.vsacomunicacion.com\/en\/opis-y-marquesinas-vivand-en-escaldes-engordany\/","title":{"rendered":"Opis y Marquesinas VIVAND en Escaldes-Engordany"},"content":{"rendered":"<p style=\"text-align: justify;\"><strong>VSA COMUNICACION<\/strong> dispone en exclusiva del\u00a0\u00fanico <strong>Circuito de Mobiliario Urbano<\/strong> en las Parroquias de <strong>Andorra la Vella<\/strong> y de <strong>Escaldes-Engordany<\/strong>, compuesto por Opis, Paradas de autobuses, Relojes y Vallas 4&#215;3 en el Centro de Andorra.<\/p>\n<p><a href=\"https:\/\/www.vsacomunicacion.com\/wp-content\/uploads\/2016\/06\/mobiliario-urbano-oppi-marquesina-publicidad-exterior-vivand-escaldes-engordany-abril-vsa-comunicacion.jpg\" rel=\"attachment wp-att-2739\"><img fetchpriority=\"high\" decoding=\"async\" class=\"aligncenter size-full wp-image-2739\" src=\"https:\/\/www.vsacomunicacion.com\/wp-content\/uploads\/2016\/06\/mobiliario-urbano-oppi-marquesina-publicidad-exterior-vivand-escaldes-engordany-abril-vsa-comunicacion.jpg\" alt=\"mobiliario-urbano-oppi-marquesina-publicidad-exterior-vivand-escaldes-engordany-abril-vsa-comunicacion\" width=\"3000\" height=\"2002\" \/><\/a><\/p>\n<p style=\"text-align: justify;\">La Avenida Carlemany, uno de los principales ejes comerciales del Principado de Andorra, es desde el 2013 la zona para viandantes conocida como <strong>VIVAND<\/strong>, que agrupa aproximadamente 200 comercios, restaurantes y hoteles. Un espacio \u00fanico al aire libre con una notable y diversificada oferta de tiendas con presencia de reconocidas marcas internacionales. En los alrededores de la\u00a0zona se encuentran\u00a0varios aparcamientos para facilitar su acceso.<\/p>\n<p style=\"text-align: justify;\">En este eje comercial se encuentra tambi\u00e9n ILLA CARLEMANY, premiado en 2012 como el mejor centro comercial peque\u00f1o de Europa, con m\u00e1s de 70 comercios y locales de restauraci\u00f3n en su interior.<\/p>\n<p><a href=\"https:\/\/www.vsacomunicacion.com\/wp-content\/uploads\/2016\/06\/mobiliario-urbano-oppi-publicidad-exterior-vivand-escaldes-engordany-abril-vsa-comunicacion.jpg\" rel=\"attachment wp-att-2740\"><img decoding=\"async\" class=\"aligncenter size-full wp-image-2740\" src=\"https:\/\/www.vsacomunicacion.com\/wp-content\/uploads\/2016\/06\/mobiliario-urbano-oppi-publicidad-exterior-vivand-escaldes-engordany-abril-vsa-comunicacion.jpg\" alt=\"mobiliario-urbano-oppi-publicidad-exterior-vivand-escaldes-engordany-abril-vsa-comunicacion\" width=\"2400\" height=\"1938\" srcset=\"https:\/\/www.vsacomunicacion.com\/wp-content\/uploads\/2016\/06\/mobiliario-urbano-oppi-publicidad-exterior-vivand-escaldes-engordany-abril-vsa-comunicacion.jpg 2400w, https:\/\/www.vsacomunicacion.com\/wp-content\/uploads\/2016\/06\/mobiliario-urbano-oppi-publicidad-exterior-vivand-escaldes-engordany-abril-vsa-comunicacion-300x242.jpg 300w, https:\/\/www.vsacomunicacion.com\/wp-content\/uploads\/2016\/06\/mobiliario-urbano-oppi-publicidad-exterior-vivand-escaldes-engordany-abril-vsa-comunicacion-1024x827.jpg 1024w, https:\/\/www.vsacomunicacion.com\/wp-content\/uploads\/2016\/06\/mobiliario-urbano-oppi-publicidad-exterior-vivand-escaldes-engordany-abril-vsa-comunicacion-768x620.jpg 768w, https:\/\/www.vsacomunicacion.com\/wp-content\/uploads\/2016\/06\/mobiliario-urbano-oppi-publicidad-exterior-vivand-escaldes-engordany-abril-vsa-comunicacion-1536x1240.jpg 1536w\" sizes=\"(max-width: 2400px) 100vw, 2400px\" \/><\/a><\/p>\n<p style=\"text-align: justify;\">En lo alto\u00a0de la Avenida encontraremos el Centro de Artes de Escaldes-Engordany (CAEE) que acoge exposiciones temporales de grandes artistas. En estos momentos y hasta el 28 de mayo, como ya os anunciamos hace unos d\u00edas en nuestro <a href=\"https:\/\/www.vsacomunicacion.com\/mobiliario-urbano-de-andorra-y-star-wars\/\">post<\/a>, podemos visitar\u00a0la Exposici\u00f3n &#8220;Que la fuerza te acompa\u00f1e&#8221; en la que, de bien seguro, disfrutar\u00e1n todos los fans de la saga STAR WARS.<\/p>\n<p style=\"text-align: justify;\"><em>Descubre VIVAND y disfruta de otra forma de hacer Shopping!<\/em><\/p>\n","protected":false},"excerpt":{"rendered":"<p>VSA COMUNICACION dispone en exclusiva del\u00a0\u00fanico Circuito de Mobiliario Urbano en las Parroquias de Andorra la Vella y de Escaldes-Engordany, compuesto por Opis, Paradas de autobuses, Relojes y Vallas 4&#215;3 en el Centro de Andorra. La Avenida Carlemany, uno de [&hellip;]<\/p>\n","protected":false},"author":3,"featured_media":7291,"comment_status":"open","ping_status":"open","sticky":false,"template":"","format":"standard","meta":{"inline_featured_image":false,"footnotes":""},"categories":[1543,1544],"tags":[1704,1763,1664,1705,1781,2294,1694,2295,2056,2079,1585,1586,2306],"class_list":["post-12253","post","type-post","status-publish","format-standard","has-post-thumbnail","hentry","category-andorra-en","category-mobiliario-urbano-en","tag-alto-prestigio-publicitario-en","tag-andorra-en","tag-campana-publicitaria-en","tag-centro-ciudad-en","tag-circuito-urbano-en","tag-escaldes-engordany-en","tag-gran-notoriedad-en","tag-marquesina-en","tag-mobiliario-urbano-andorra-en","tag-opi-en","tag-publicidad-exterior-en","tag-publicidad-urbana-en","tag-vivand-en"],"_links":{"self":[{"href":"https:\/\/www.vsacomunicacion.com\/en\/wp-json\/wp\/v2\/posts\/12253"}],"collection":[{"href":"https:\/\/www.vsacomunicacion.com\/en\/wp-json\/wp\/v2\/posts"}],"about":[{"href":"https:\/\/www.vsacomunicacion.com\/en\/wp-json\/wp\/v2\/types\/post"}],"author":[{"embeddable":true,"href":"https:\/\/www.vsacomunicacion.com\/en\/wp-json\/wp\/v2\/users\/3"}],"replies":[{"embeddable":true,"href":"https:\/\/www.vsacomunicacion.com\/en\/wp-json\/wp\/v2\/comments?post=12253"}],"version-history":[{"count":0,"href":"https:\/\/www.vsacomunicacion.com\/en\/wp-json\/wp\/v2\/posts\/12253\/revisions"}],"wp:featuredmedia":[{"embeddable":true,"href":"https:\/\/www.vsacomunicacion.com\/en\/wp-json\/wp\/v2\/media\/7291"}],"wp:attachment":[{"href":"https:\/\/www.vsacomunicacion.com\/en\/wp-json\/wp\/v2\/media?parent=12253"}],"wp:term":[{"taxonomy":"category","embeddable":true,"href":"https:\/\/www.vsacomunicacion.com\/en\/wp-json\/wp\/v2\/categories?post=12253"},{"taxonomy":"post_tag","embeddable":true,"href":"https:\/\/www.vsacomunicacion.com\/en\/wp-json\/wp\/v2\/tags?post=12253"}],"curies":[{"name":"wp","href":"https:\/\/api.w.org\/{rel}","templated":true}]}}