{"id":12256,"date":"2016-04-05T14:45:09","date_gmt":"2016-04-05T14:45:09","guid":{"rendered":"https:\/\/www.vsacomunicacion.com\/lona-publicitaria-de-vueling-en-barcelona\/"},"modified":"2016-04-05T14:45:09","modified_gmt":"2016-04-05T14:45:09","slug":"lona-publicitaria-de-vueling-en-barcelona","status":"publish","type":"post","link":"https:\/\/www.vsacomunicacion.com\/en\/lona-publicitaria-de-vueling-en-barcelona\/","title":{"rendered":"Lona publicitaria de VUELING en Barcelona"},"content":{"rendered":"<p style=\"text-align: justify;\"><strong>VUELING<\/strong> ha iniciado su campa\u00f1a de verano y c\u00f3mo mejor que con esta fant\u00e1stica lona publicitaria de <strong>VSA COMUNICACION<\/strong> en su emplazamiento Premium de la Calle Balmes de Barcelona.<\/p>\n<p style=\"text-align: justify;\"><a href=\"https:\/\/www.vsacomunicacion.com\/wp-content\/uploads\/2016\/04\/lona-publicitaria-barcelona-balmes-206-possible-by-vueling-vsa-comunicacion.jpg\" rel=\"attachment wp-att-2586\"><img fetchpriority=\"high\" decoding=\"async\" class=\"aligncenter size-full wp-image-2586\" src=\"https:\/\/www.vsacomunicacion.com\/wp-content\/uploads\/2016\/04\/lona-publicitaria-barcelona-balmes-206-possible-by-vueling-vsa-comunicacion.jpg\" alt=\"lona-publicitaria-barcelona-balmes-206-possible-by-vueling-vsa-comunicacion\" width=\"3000\" height=\"2002\" \/><\/a><\/p>\n<p style=\"text-align: justify;\">Desde ahora, la marca se centra en \u201cinspirar la vida de las personas\u201d tanto para los que viajan por motivos de ocio como de negocio. Este nuevo tono inspirador, positivo, y a veces transgresor, \u00a0permite a la marca crear su propio mundo de emociones y experiencias dando la posibilidad de alcanzar sue\u00f1os.<\/p>\n<p style=\"text-align: justify;\">VUELING\u00a0ha sido reconocida como la mejor aerol\u00ednea low cost del a\u00f1o 2015 por la prestigiosa publicaci\u00f3n Air Transport News.<\/p>\n<p style=\"text-align: justify;\">La compa\u00f1\u00eda naci\u00f3 en Julio de 2004 con una flota de dos Airbus A320, cuatro rutas y el objetivo de ofrecer un excelente servicio al cliente a precios competitivos. Durante la temporada de verano 2015, VUELING operar\u00e1 m\u00e1s de 325 rutas en 150 ciudades de Europa, Oriente Pr\u00f3ximo y \u00c1frica, con una flota de 100 aviones basados en 22 aeropuertos europeos.<\/p>\n<p style=\"text-align: justify;\">Tal y como afirma Ana Arroquia, Directora de Marketing de <strong><a href=\"http:\/\/vuelingnews.com\/2015\/05\/18\/vueling-da-un-giro-innovador-a-su-publicidad\/\" target=\"_blank\" rel=\"noopener\">VUELING<\/a><\/strong>: \u201cTras m\u00e1s de diez a\u00f1os de vida hemos querido que VUELING\u00a0vuelva a dar un paso adelante mostr\u00e1ndose como una marca singular y transgresora, muy diferenciadora respecto al resto de aerol\u00edneas\u201d.<\/p>\n<p style=\"text-align: justify;\"><em>#possiblebyvueling<\/em><\/p>\n","protected":false},"excerpt":{"rendered":"<p>VUELING ha iniciado su campa\u00f1a de verano y c\u00f3mo mejor que con esta fant\u00e1stica lona publicitaria de VSA COMUNICACION en su emplazamiento Premium de la Calle Balmes de Barcelona. Desde ahora, la marca se centra en \u201cinspirar la vida de [&hellip;]<\/p>\n","protected":false},"author":3,"featured_media":7251,"comment_status":"open","ping_status":"open","sticky":false,"template":"","format":"standard","meta":{"inline_featured_image":false,"footnotes":""},"categories":[1506,1488],"tags":[2352,1704,1664,1705,1708,1694,1581,1585,2103],"class_list":["post-12256","post","type-post","status-publish","format-standard","has-post-thumbnail","hentry","category-barcelona-en","category-lonas-publicitarias-en","tag-possiblebyvueling-en","tag-alto-prestigio-publicitario-en","tag-campana-publicitaria-en","tag-centro-ciudad-en","tag-formato-espectacular-en","tag-gran-notoriedad-en","tag-lonas-publicitarias-barcelona-en","tag-publicidad-exterior-en","tag-vueling-en"],"_links":{"self":[{"href":"https:\/\/www.vsacomunicacion.com\/en\/wp-json\/wp\/v2\/posts\/12256"}],"collection":[{"href":"https:\/\/www.vsacomunicacion.com\/en\/wp-json\/wp\/v2\/posts"}],"about":[{"href":"https:\/\/www.vsacomunicacion.com\/en\/wp-json\/wp\/v2\/types\/post"}],"author":[{"embeddable":true,"href":"https:\/\/www.vsacomunicacion.com\/en\/wp-json\/wp\/v2\/users\/3"}],"replies":[{"embeddable":true,"href":"https:\/\/www.vsacomunicacion.com\/en\/wp-json\/wp\/v2\/comments?post=12256"}],"version-history":[{"count":0,"href":"https:\/\/www.vsacomunicacion.com\/en\/wp-json\/wp\/v2\/posts\/12256\/revisions"}],"wp:featuredmedia":[{"embeddable":true,"href":"https:\/\/www.vsacomunicacion.com\/en\/wp-json\/wp\/v2\/media\/7251"}],"wp:attachment":[{"href":"https:\/\/www.vsacomunicacion.com\/en\/wp-json\/wp\/v2\/media?parent=12256"}],"wp:term":[{"taxonomy":"category","embeddable":true,"href":"https:\/\/www.vsacomunicacion.com\/en\/wp-json\/wp\/v2\/categories?post=12256"},{"taxonomy":"post_tag","embeddable":true,"href":"https:\/\/www.vsacomunicacion.com\/en\/wp-json\/wp\/v2\/tags?post=12256"}],"curies":[{"name":"wp","href":"https:\/\/api.w.org\/{rel}","templated":true}]}}