{"id":12259,"date":"2016-04-02T14:47:51","date_gmt":"2016-04-02T14:47:51","guid":{"rendered":"https:\/\/www.vsacomunicacion.com\/pyms-del-festival-de-cap-roig-en-barcelona\/"},"modified":"2016-04-02T14:47:51","modified_gmt":"2016-04-02T14:47:51","slug":"pyms-del-festival-de-cap-roig-en-barcelona","status":"publish","type":"post","link":"https:\/\/www.vsacomunicacion.com\/en\/pyms-del-festival-de-cap-roig-en-barcelona\/","title":{"rendered":"Pym&#8217;s del FESTIVAL de CAP ROIG en Barcelona"},"content":{"rendered":"<p style=\"text-align: justify;\">Se acerca el verano y esta estaci\u00f3n del a\u00f1o se caracteriza, a parte de por las vacaciones,\u00a0el sol y la playa, por la mayor oferta\u00a0de Festivales Musicales de todo tipo de entre los que destaca, no s\u00f3lo a nivel nacional sino a nivel europeo, por su calidad, entorno privilegiado, oferta gastron\u00f3mica, paraje \u00fanico y elegancia, el <strong>FESTIVAL de\u00a0CAP ROIG<\/strong>.<\/p>\n<p style=\"text-align: justify;\">No es la primera vez que en <strong>VSA COMUNICACION<\/strong>\u00a0os hablamos del FESTIVAL de\u00a0CAP ROIG, el a\u00f1o pasado ya hicimos una pincelada de\u00a0la programaci\u00f3n\u00a0que formaba la anterior edici\u00f3n de la que, por cierto, podemos confirmar\u00a0disfrutaron m\u00e1s de 44.000 personas y os mostr\u00e1bamos una de las <strong>PYM&#8217;s<\/strong> de <strong>Barcelona<\/strong> en las que estuvo presente.<\/p>\n<p style=\"text-align: justify;\">Hoy os presentamos una muestra de los carteles publicitarios que ver\u00e9is\u00a0los pr\u00f3ximos meses en las calles de la ciudad condal.<\/p>\n<p style=\"text-align: justify;\"><a href=\"https:\/\/www.vsacomunicacion.com\/wp-content\/uploads\/2016\/04\/pym-barcelona-josep-tarradellas-festival-cap-roig-vsa-comunicacion.jpg\" rel=\"attachment wp-att-2637\"><img fetchpriority=\"high\" decoding=\"async\" class=\"aligncenter size-full wp-image-2637\" src=\"https:\/\/www.vsacomunicacion.com\/wp-content\/uploads\/2016\/04\/pym-barcelona-josep-tarradellas-festival-cap-roig-vsa-comunicacion.jpg\" alt=\"pym-barcelona-josep-tarradellas-festival-cap-roig-vsa-comunicacion\" width=\"1980\" height=\"1320\" srcset=\"https:\/\/www.vsacomunicacion.com\/wp-content\/uploads\/2016\/04\/pym-barcelona-josep-tarradellas-festival-cap-roig-vsa-comunicacion.jpg 1980w, https:\/\/www.vsacomunicacion.com\/wp-content\/uploads\/2016\/04\/pym-barcelona-josep-tarradellas-festival-cap-roig-vsa-comunicacion-300x200.jpg 300w, https:\/\/www.vsacomunicacion.com\/wp-content\/uploads\/2016\/04\/pym-barcelona-josep-tarradellas-festival-cap-roig-vsa-comunicacion-1024x683.jpg 1024w, https:\/\/www.vsacomunicacion.com\/wp-content\/uploads\/2016\/04\/pym-barcelona-josep-tarradellas-festival-cap-roig-vsa-comunicacion-768x512.jpg 768w, https:\/\/www.vsacomunicacion.com\/wp-content\/uploads\/2016\/04\/pym-barcelona-josep-tarradellas-festival-cap-roig-vsa-comunicacion-1536x1024.jpg 1536w\" sizes=\"(max-width: 1980px) 100vw, 1980px\" \/><\/a><\/p>\n<p style=\"text-align: justify;\">El concierto inaugural en esta ocasi\u00f3n vendr\u00e1 de la mano del escoc\u00e9s\u00a0ROD STEWART con el que seguro ser\u00e1 un espect\u00e1culo fant\u00e1stico en el que repasar\u00e1 toda su carrera mientras que el de clausura estar\u00e1 a cargo de los incombustibles STATUS QUO. Otra estrella internacional que tampoco ha podido resistirse al encanto del FESTIVAL DE CAP ROIG es el guitarrista chicano SANTANA o el cuarteto\u00a0irland\u00e9s THE CORRS.<\/p>\n<p style=\"text-align: justify;\"><a href=\"https:\/\/www.vsacomunicacion.com\/wp-content\/uploads\/2016\/04\/pym-barcelona-arago-casanovas-festival-cap-roig-vsa-comunicacion.jpg\" rel=\"attachment wp-att-2649\"><img decoding=\"async\" class=\"aligncenter size-full wp-image-2649\" src=\"https:\/\/www.vsacomunicacion.com\/wp-content\/uploads\/2016\/04\/pym-barcelona-arago-casanovas-festival-cap-roig-vsa-comunicacion.jpg\" alt=\"pym-barcelona-arago-casanovas-festival-cap-roig-vsa-comunicacion\" width=\"3000\" height=\"2002\" \/><\/a><\/p>\n<p style=\"text-align: justify;\">Dentro del panorama nacional encontraremos\u00a0desde\u00a0artistas tan solicitados que\u00a0repiten edici\u00f3n como ALEJANDRO SANZ, ANTONIO OROZO y ROSARIO FLORES\u00a0a artistas de la\u00a0incre\u00edble calidad de\u00a0MELENDI, AMARAL o AINHOA ARTETA, entre muchos otros.<\/p>\n<p style=\"text-align: justify;\"><a href=\"https:\/\/www.vsacomunicacion.com\/wp-content\/uploads\/2016\/04\/pym-barcelona-aragon-independencia-festival-cap-roig-vsa-comunicacion.jpg\" rel=\"attachment wp-att-2657\"><img decoding=\"async\" class=\"aligncenter size-full wp-image-2657\" src=\"https:\/\/www.vsacomunicacion.com\/wp-content\/uploads\/2016\/04\/pym-barcelona-aragon-independencia-festival-cap-roig-vsa-comunicacion.jpg\" alt=\"pym-barcelona-aragon-independencia-festival-cap-roig-vsa-comunicacion\" width=\"2624\" height=\"1904\" \/><\/a><\/p>\n<p style=\"text-align: justify;\">Un total de 21 conciertos nos esperan del 8 de julio al 17 de agosto en los excepcionales\u00a0jardines\u00a0del <strong>FESTIVAL de\u00a0CAP ROIG<\/strong> en Calella de Palafrugell (Girona).<\/p>\n<p style=\"text-align: justify;\">No olvid\u00e9is visitar\u00a0su web (<a href=\"http:\/\/www.caproigfestival.com\/es\/\" target=\"_blank\" rel=\"noopener\">Web Cap Roig<\/a>)\u00a0y\u00a0redes sociales (<a href=\"https:\/\/www.facebook.com\/caproigfestival\/\" target=\"_blank\" rel=\"noopener\">Facebook Cap Roig<\/a>,<a href=\"https:\/\/twitter.com\/CapRoigFestival?ref_src=twsrc%5Etfw\" target=\"_blank\" rel=\"noopener\">Twitter Cap Roig<\/a>,\u00a0<a href=\"http:\/\/www.instagram.com\/caproigfestival\" target=\"_blank\" rel=\"nofollow noopener\">Instagram Cap Roig)<\/a>\u00a0para informaros de los conciertos, cantantes,\u00a0fechas y estar al d\u00eda de todas las novedades.<\/p>\n<p>&nbsp;<\/p>\n","protected":false},"excerpt":{"rendered":"<p>Se acerca el verano y esta estaci\u00f3n del a\u00f1o se caracteriza, a parte de por las vacaciones,\u00a0el sol y la playa, por la mayor oferta\u00a0de Festivales Musicales de todo tipo de entre los que destaca, no s\u00f3lo a nivel nacional [&hellip;]<\/p>\n","protected":false},"author":3,"featured_media":7262,"comment_status":"open","ping_status":"open","sticky":false,"template":"","format":"standard","meta":{"inline_featured_image":false,"footnotes":""},"categories":[1506,1593],"tags":[1516,1915,1705,1781,1701,1694,1585,1586,1676,1702],"class_list":["post-12259","post","type-post","status-publish","format-standard","has-post-thumbnail","hentry","category-barcelona-en","category-pyms-en","tag-barcelona-en","tag-cap-roig-en","tag-centro-ciudad-en","tag-circuito-urbano-en","tag-espectacular-en","tag-gran-notoriedad-en","tag-publicidad-exterior-en","tag-publicidad-urbana-en","tag-pyms-2-en","tag-pyms-barcelona-en"],"_links":{"self":[{"href":"https:\/\/www.vsacomunicacion.com\/en\/wp-json\/wp\/v2\/posts\/12259"}],"collection":[{"href":"https:\/\/www.vsacomunicacion.com\/en\/wp-json\/wp\/v2\/posts"}],"about":[{"href":"https:\/\/www.vsacomunicacion.com\/en\/wp-json\/wp\/v2\/types\/post"}],"author":[{"embeddable":true,"href":"https:\/\/www.vsacomunicacion.com\/en\/wp-json\/wp\/v2\/users\/3"}],"replies":[{"embeddable":true,"href":"https:\/\/www.vsacomunicacion.com\/en\/wp-json\/wp\/v2\/comments?post=12259"}],"version-history":[{"count":0,"href":"https:\/\/www.vsacomunicacion.com\/en\/wp-json\/wp\/v2\/posts\/12259\/revisions"}],"wp:featuredmedia":[{"embeddable":true,"href":"https:\/\/www.vsacomunicacion.com\/en\/wp-json\/wp\/v2\/media\/7262"}],"wp:attachment":[{"href":"https:\/\/www.vsacomunicacion.com\/en\/wp-json\/wp\/v2\/media?parent=12259"}],"wp:term":[{"taxonomy":"category","embeddable":true,"href":"https:\/\/www.vsacomunicacion.com\/en\/wp-json\/wp\/v2\/categories?post=12259"},{"taxonomy":"post_tag","embeddable":true,"href":"https:\/\/www.vsacomunicacion.com\/en\/wp-json\/wp\/v2\/tags?post=12259"}],"curies":[{"name":"wp","href":"https:\/\/api.w.org\/{rel}","templated":true}]}}