{"id":12260,"date":"2016-04-01T07:14:56","date_gmt":"2016-04-01T07:14:56","guid":{"rendered":"https:\/\/www.vsacomunicacion.com\/lona-publicitaria-air-france-en-barcelona\/"},"modified":"2016-04-01T07:14:56","modified_gmt":"2016-04-01T07:14:56","slug":"lona-publicitaria-air-france-en-barcelona","status":"publish","type":"post","link":"https:\/\/www.vsacomunicacion.com\/en\/lona-publicitaria-air-france-en-barcelona\/","title":{"rendered":"Lona Publicitaria AIR FRANCE en Barcelona"},"content":{"rendered":"<p style=\"text-align: justify;\"><strong>AIR FRANCE<\/strong> nos presenta a trav\u00e9s de esta espectacular <strong>lona publicitaria<\/strong> en uno de los emplazamientos<strong> Premium<\/strong> de <strong>VSA COMUNICACION<\/strong> lo mejor de Francia, una Francia positiva, afable y fuente de inspiraci\u00f3n, con proyecci\u00f3n mundial.<\/p>\n<p style=\"text-align: justify;\">Con este campa\u00f1a, <strong>AIR FRANCE\u00a0<\/strong>reafirma su visi\u00f3n del viaje: un momento privilegiado, evocador y encantador. Una visi\u00f3n en la que une\u00a0los tres valores que son la piedra angular de la marca: la atenci\u00f3n, la alta calidad y el placer.<\/p>\n<p><a href=\"https:\/\/www.vsacomunicacion.com\/wp-content\/uploads\/2016\/04\/lona-publicitaria-barcelona-avenida-diagonal-598-air-france-vsa-comunicacion.jpg\" rel=\"attachment wp-att-2590\"><img fetchpriority=\"high\" decoding=\"async\" class=\"aligncenter size-full wp-image-2590\" src=\"https:\/\/www.vsacomunicacion.com\/wp-content\/uploads\/2016\/04\/lona-publicitaria-barcelona-avenida-diagonal-598-air-france-vsa-comunicacion.jpg\" alt=\"lona-publicitaria-barcelona-avenida-diagonal-598-air-france-vsa-comunicacion\" width=\"2595\" height=\"1681\" \/><\/a><\/p>\n<p style=\"text-align: justify;\"><strong>AIR FRANCE<\/strong> a trav\u00e9s de su spot\u00a0publicitario <strong>\u201cFrance is in the Air\u201d<\/strong> expresa a la vez la apertura al mundo de la Compa\u00f1\u00eda y su orgullo de proponer un viaje singular &#8220;\u00e0 la fran\u00e7aise&#8221; con elegancia, creatividad y humor.<\/p>\n<p style=\"text-align: justify;\">Seg\u00fan declaraciones de Fr\u00e9d\u00e9ric Gagey, Presidente Director General de <strong>AIR FRANCE<\/strong>: <em>\u201cEl\u00a0v\u00eddeo tiene una gran ambici\u00f3n. <strong>AIR FRANCE<\/strong>\u00a0celebra sus valores en im\u00e1genes y en m\u00fasica para apoyar la mejora de su oferta comercial. Atenci\u00f3n, alta calidad y placer&#8230; el viaje &#8220;\u00e0 la fran\u00e7aise&#8221; presenta todas las ventajas para merecer la preferencia de nuestros clientes y conquistar nuevos mercados\u201d.<\/em><\/p>\n<p style=\"text-align: justify;\">\n","protected":false},"excerpt":{"rendered":"<p>AIR FRANCE nos presenta a trav\u00e9s de esta espectacular lona publicitaria en uno de los emplazamientos Premium de VSA COMUNICACION lo mejor de Francia, una Francia positiva, afable y fuente de inspiraci\u00f3n, con proyecci\u00f3n mundial. Con este campa\u00f1a, AIR FRANCE\u00a0reafirma [&hellip;]<\/p>\n","protected":false},"author":3,"featured_media":7252,"comment_status":"open","ping_status":"open","sticky":false,"template":"","format":"standard","meta":{"inline_featured_image":false,"footnotes":""},"categories":[1506,1488],"tags":[2353,1704,1664,1705,1706,1708,1693,1581,1585,1599],"class_list":["post-12260","post","type-post","status-publish","format-standard","has-post-thumbnail","hentry","category-barcelona-en","category-lonas-publicitarias-en","tag-air-france-en","tag-alto-prestigio-publicitario-en","tag-campana-publicitaria-en","tag-centro-ciudad-en","tag-emplazamiento-premium-en","tag-formato-espectacular-en","tag-gran-formato-en","tag-lonas-publicitarias-barcelona-en","tag-publicidad-exterior-en","tag-publicidad-gran-formato-en"],"_links":{"self":[{"href":"https:\/\/www.vsacomunicacion.com\/en\/wp-json\/wp\/v2\/posts\/12260"}],"collection":[{"href":"https:\/\/www.vsacomunicacion.com\/en\/wp-json\/wp\/v2\/posts"}],"about":[{"href":"https:\/\/www.vsacomunicacion.com\/en\/wp-json\/wp\/v2\/types\/post"}],"author":[{"embeddable":true,"href":"https:\/\/www.vsacomunicacion.com\/en\/wp-json\/wp\/v2\/users\/3"}],"replies":[{"embeddable":true,"href":"https:\/\/www.vsacomunicacion.com\/en\/wp-json\/wp\/v2\/comments?post=12260"}],"version-history":[{"count":0,"href":"https:\/\/www.vsacomunicacion.com\/en\/wp-json\/wp\/v2\/posts\/12260\/revisions"}],"wp:featuredmedia":[{"embeddable":true,"href":"https:\/\/www.vsacomunicacion.com\/en\/wp-json\/wp\/v2\/media\/7252"}],"wp:attachment":[{"href":"https:\/\/www.vsacomunicacion.com\/en\/wp-json\/wp\/v2\/media?parent=12260"}],"wp:term":[{"taxonomy":"category","embeddable":true,"href":"https:\/\/www.vsacomunicacion.com\/en\/wp-json\/wp\/v2\/categories?post=12260"},{"taxonomy":"post_tag","embeddable":true,"href":"https:\/\/www.vsacomunicacion.com\/en\/wp-json\/wp\/v2\/tags?post=12260"}],"curies":[{"name":"wp","href":"https:\/\/api.w.org\/{rel}","templated":true}]}}