{"id":12261,"date":"2016-03-30T11:36:55","date_gmt":"2016-03-30T11:36:55","guid":{"rendered":"https:\/\/www.vsacomunicacion.com\/campana-de-pyms-con-ryanair-en-madrid\/"},"modified":"2016-03-30T11:36:55","modified_gmt":"2016-03-30T11:36:55","slug":"campana-de-pyms-con-ryanair-en-madrid","status":"publish","type":"post","link":"https:\/\/www.vsacomunicacion.com\/en\/campana-de-pyms-con-ryanair-en-madrid\/","title":{"rendered":"Campa\u00f1a de PYM&#8217;s con RYANAIR en Madrid"},"content":{"rendered":"<p style=\"text-align: justify;\">Estos d\u00edas podemos ver a <strong>RYANAIR<\/strong> y su nueva campa\u00f1a publicitaria en las paredes medianeras (<strong>PYM&#8217;s<\/strong>) del Circuito de <strong>VSA COMUNICACION<\/strong> en <strong>Madrid<\/strong>.<\/p>\n<p style=\"text-align: justify;\">Ya os adelantamos que no es\u00a0la \u00fanica ciudad en la que RYANAIR y VSA COMUNICACION han colaborado para esta campa\u00f1a,\u00a0muy pronto os mostraremos alguna colaboraci\u00f3n m\u00e1s.<\/p>\n<p><a href=\"https:\/\/www.vsacomunicacion.com\/wp-content\/uploads\/2016\/05\/pym-madrid-acacias-ryanair-abril-vsa-comunicacion.jpg\" rel=\"attachment wp-att-2621\"><img fetchpriority=\"high\" decoding=\"async\" class=\"aligncenter size-full wp-image-2621\" src=\"https:\/\/www.vsacomunicacion.com\/wp-content\/uploads\/2016\/05\/pym-madrid-acacias-ryanair-abril-vsa-comunicacion.jpg\" alt=\"pym-madrid-acacias-ryanair-abril-vsa-comunicacion\" width=\"2958\" height=\"2217\" \/><\/a><\/p>\n<p style=\"text-align: justify;\">RYANAIR, tras iniciar su\u00a0campa\u00f1a de marketing, espec\u00edfica para el mercado espa\u00f1ol, ha conseguido que su imagen y marca se encuentre mucho m\u00e1s presente en las calles de nuestras ciudades incrementando as\u00ed\u00a0su notoriedad.<\/p>\n<p style=\"text-align: justify;\">El gran\u00a0cambio de estrategia de la compa\u00f1\u00eda low cost\u00a0con el lema\u00a0\u201cPRECIOS BAJOS. SIN COMPLICACIONES&#8221; se ha enfocado a comunicar los cambios de\u00a0sus servicios, como asientos asignados o poder subir dos bultos al avi\u00f3n en lugar de uno, y mejorar as\u00ed su imagen corporativa.<\/p>\n<p style=\"text-align: justify;\">No te pierdas las ofertas de vuelos de <a href=\"https:\/\/www.ryanair.com\/es\/es\/\" target=\"_blank\" rel=\"noopener\">RYANAIR<\/a> desde 19,99\u20ac a m\u00e1s de 195 destinos europeos.<\/p>\n<p>&nbsp;<\/p>\n","protected":false},"excerpt":{"rendered":"<p>Estos d\u00edas podemos ver a RYANAIR y su nueva campa\u00f1a publicitaria en las paredes medianeras (PYM&#8217;s) del Circuito de VSA COMUNICACION en Madrid. Ya os adelantamos que no es\u00a0la \u00fanica ciudad en la que RYANAIR y VSA COMUNICACION han colaborado [&hellip;]<\/p>\n","protected":false},"author":3,"featured_media":7258,"comment_status":"open","ping_status":"open","sticky":false,"template":"","format":"standard","meta":{"inline_featured_image":false,"footnotes":""},"categories":[1489],"tags":[1664,1781,1694,1585,1586,1676,1677,2345],"class_list":["post-12261","post","type-post","status-publish","format-standard","has-post-thumbnail","hentry","category-madrid-en","tag-campana-publicitaria-en","tag-circuito-urbano-en","tag-gran-notoriedad-en","tag-publicidad-exterior-en","tag-publicidad-urbana-en","tag-pyms-2-en","tag-pyms-madrid-en","tag-ryanair-en"],"_links":{"self":[{"href":"https:\/\/www.vsacomunicacion.com\/en\/wp-json\/wp\/v2\/posts\/12261"}],"collection":[{"href":"https:\/\/www.vsacomunicacion.com\/en\/wp-json\/wp\/v2\/posts"}],"about":[{"href":"https:\/\/www.vsacomunicacion.com\/en\/wp-json\/wp\/v2\/types\/post"}],"author":[{"embeddable":true,"href":"https:\/\/www.vsacomunicacion.com\/en\/wp-json\/wp\/v2\/users\/3"}],"replies":[{"embeddable":true,"href":"https:\/\/www.vsacomunicacion.com\/en\/wp-json\/wp\/v2\/comments?post=12261"}],"version-history":[{"count":0,"href":"https:\/\/www.vsacomunicacion.com\/en\/wp-json\/wp\/v2\/posts\/12261\/revisions"}],"wp:featuredmedia":[{"embeddable":true,"href":"https:\/\/www.vsacomunicacion.com\/en\/wp-json\/wp\/v2\/media\/7258"}],"wp:attachment":[{"href":"https:\/\/www.vsacomunicacion.com\/en\/wp-json\/wp\/v2\/media?parent=12261"}],"wp:term":[{"taxonomy":"category","embeddable":true,"href":"https:\/\/www.vsacomunicacion.com\/en\/wp-json\/wp\/v2\/categories?post=12261"},{"taxonomy":"post_tag","embeddable":true,"href":"https:\/\/www.vsacomunicacion.com\/en\/wp-json\/wp\/v2\/tags?post=12261"}],"curies":[{"name":"wp","href":"https:\/\/api.w.org\/{rel}","templated":true}]}}