{"id":12264,"date":"2016-03-29T08:39:40","date_gmt":"2016-03-29T08:39:40","guid":{"rendered":"https:\/\/www.vsacomunicacion.com\/circuito-de-opis-en-andorra-del-centro-comercial-illa-carlemany\/"},"modified":"2016-03-29T08:39:40","modified_gmt":"2016-03-29T08:39:40","slug":"circuito-de-opis-en-andorra-del-centro-comercial-illa-carlemany","status":"publish","type":"post","link":"https:\/\/www.vsacomunicacion.com\/en\/circuito-de-opis-en-andorra-del-centro-comercial-illa-carlemany\/","title":{"rendered":"Circuito de OPIS en Andorra de ILLA CARLEMANY"},"content":{"rendered":"<p style=\"text-align: justify;\">El Centro Comercial <strong>ILLA CARLEMANY<\/strong> quiere celebrar contigo la llegada de la <strong>Primavera<\/strong> y nos lo transmite a trav\u00e9s\u00a0de una colorida creatividad en el fant\u00e1stico Circuito de<strong> Mobiliario Urbano<\/strong> de Escaldes-Engordany de <strong>VSA COMUNICACION<\/strong>.<\/p>\n<p><a href=\"https:\/\/www.vsacomunicacion.com\/wp-content\/uploads\/2016\/06\/mobiliario-urbano-oppi-publicidad-exterior-centre-illa-carlemany-primavera-andorra-vsa-comunicacion.jpg\" rel=\"attachment wp-att-2685\"><img fetchpriority=\"high\" decoding=\"async\" class=\"aligncenter size-full wp-image-2685\" src=\"https:\/\/www.vsacomunicacion.com\/wp-content\/uploads\/2016\/06\/mobiliario-urbano-oppi-publicidad-exterior-centre-illa-carlemany-primavera-andorra-vsa-comunicacion.jpg\" alt=\"mobiliario-urbano-oppi-publicidad-exterior-centre-illa-carlemany-primavera-andorra-vsa-comunicacion\" width=\"2815\" height=\"1879\" \/><\/a><\/p>\n<div>\n<p style=\"text-align: justify;\"><strong>ILLA CARLEMANY<\/strong> es un edificio singular del arquitecto Pere Aix\u00e0s de m\u00e1s de 50.000 m\u00b2 en el coraz\u00f3n de la Parroquia de <strong>Escaldes-Engordany<\/strong>, icono del eje comercial por excelencia del <strong>Principado de Andorra<\/strong>, las avenidas Meritxell y Carlemany.<\/p>\n<p style=\"text-align: justify;\">El Centro Comercial consta de 3 plantas subterr\u00e1neas de\u00a0aparcamiento para facilitar y hacer m\u00e1s c\u00f3moda vuestra visita a los 57 establecimientos que se concentran\u00a0en su interior contando con\u00a0una variada oferta de tiendas de ropa, accesorios y servicios as\u00ed como de un\u00a0supermercado, 9 restaurantes y 5 salas de cine.<\/p>\n<p style=\"text-align: justify;\">Una oferta de ocio y comercio concentrada en un espacio \u00fanico, amplio, c\u00f3modo, c\u00e9ntrico y agradable que acoge diversas actividades complementarias de animaci\u00f3n.<\/p>\n<\/div>\n","protected":false},"excerpt":{"rendered":"<p>El Centro Comercial ILLA CARLEMANY quiere celebrar contigo la llegada de la Primavera y nos lo transmite a trav\u00e9s\u00a0de una colorida creatividad en el fant\u00e1stico Circuito de Mobiliario Urbano de Escaldes-Engordany de VSA COMUNICACION. ILLA CARLEMANY es un edificio singular [&hellip;]<\/p>\n","protected":false},"author":3,"featured_media":7272,"comment_status":"open","ping_status":"open","sticky":false,"template":"","format":"standard","meta":{"inline_featured_image":false,"footnotes":""},"categories":[1543,1544],"tags":[1664,2354,1705,1781,2294,1694,2056,2079,2355,1585],"class_list":["post-12264","post","type-post","status-publish","format-standard","has-post-thumbnail","hentry","category-andorra-en","category-mobiliario-urbano-en","tag-campana-publicitaria-en","tag-centre-illa-carlemany-en","tag-centro-ciudad-en","tag-circuito-urbano-en","tag-escaldes-engordany-en","tag-gran-notoriedad-en","tag-mobiliario-urbano-andorra-en","tag-opi-en","tag-primavera-en","tag-publicidad-exterior-en"],"_links":{"self":[{"href":"https:\/\/www.vsacomunicacion.com\/en\/wp-json\/wp\/v2\/posts\/12264"}],"collection":[{"href":"https:\/\/www.vsacomunicacion.com\/en\/wp-json\/wp\/v2\/posts"}],"about":[{"href":"https:\/\/www.vsacomunicacion.com\/en\/wp-json\/wp\/v2\/types\/post"}],"author":[{"embeddable":true,"href":"https:\/\/www.vsacomunicacion.com\/en\/wp-json\/wp\/v2\/users\/3"}],"replies":[{"embeddable":true,"href":"https:\/\/www.vsacomunicacion.com\/en\/wp-json\/wp\/v2\/comments?post=12264"}],"version-history":[{"count":0,"href":"https:\/\/www.vsacomunicacion.com\/en\/wp-json\/wp\/v2\/posts\/12264\/revisions"}],"wp:featuredmedia":[{"embeddable":true,"href":"https:\/\/www.vsacomunicacion.com\/en\/wp-json\/wp\/v2\/media\/7272"}],"wp:attachment":[{"href":"https:\/\/www.vsacomunicacion.com\/en\/wp-json\/wp\/v2\/media?parent=12264"}],"wp:term":[{"taxonomy":"category","embeddable":true,"href":"https:\/\/www.vsacomunicacion.com\/en\/wp-json\/wp\/v2\/categories?post=12264"},{"taxonomy":"post_tag","embeddable":true,"href":"https:\/\/www.vsacomunicacion.com\/en\/wp-json\/wp\/v2\/tags?post=12264"}],"curies":[{"name":"wp","href":"https:\/\/api.w.org\/{rel}","templated":true}]}}