{"id":12265,"date":"2016-03-21T16:00:12","date_gmt":"2016-03-21T16:00:12","guid":{"rendered":"https:\/\/www.vsacomunicacion.com\/pyms-nuevo-centro-valencia\/"},"modified":"2016-03-21T16:00:12","modified_gmt":"2016-03-21T16:00:12","slug":"pyms-nuevo-centro-valencia","status":"publish","type":"post","link":"https:\/\/www.vsacomunicacion.com\/en\/pyms-nuevo-centro-valencia\/","title":{"rendered":"Pym&#8217;s de NUEVO CENTRO en Valencia"},"content":{"rendered":"<p style=\"text-align: justify;\">La primavera ha llegado a<strong> NUEVO CENTRO<\/strong>, el centro comercial por excelencia de la ciudad de Valencia, a trav\u00e9s de nuestro fant\u00e1stico <strong>Circuito de Pym&#8217;s<\/strong> de <strong>VSA COMUNICACI\u00d3N<\/strong> en la ciudad de<strong> Valencia<\/strong>.<\/p>\n<p style=\"text-align: justify;\">La creatividad escogida para este emplazamiento ubicado en una de las principales avenidas de la ciudad\u00a0es francamente\u00a0espectacular, llena de luz y colores, transmiti\u00e9ndonos a la perfecci\u00f3n todas las sensaciones que la primavera lleva consigo.<\/p>\n<p><a href=\"https:\/\/www.vsacomunicacion.com\/wp-content\/uploads\/2016\/09\/pym-valencia-avenida-del-puerto-nuevo-centro-marzo-vsa-comunicacion.jpg\" rel=\"attachment wp-att-2811\"><img fetchpriority=\"high\" decoding=\"async\" class=\"aligncenter size-full wp-image-2811\" src=\"https:\/\/www.vsacomunicacion.com\/wp-content\/uploads\/2016\/09\/pym-valencia-avenida-del-puerto-nuevo-centro-marzo-vsa-comunicacion.jpg\" alt=\"pym-valencia-avenida-del-puerto-nuevo-centro-marzo-vsa-comunicacion\" width=\"3291\" height=\"2469\" \/><\/a><\/p>\n<p style=\"text-align: justify;\">Con m\u00e1s de 30 a\u00f1os de historia, su excelente ubicaci\u00f3n, gran oferta comercial y su amplio y variado programa de animaci\u00f3n comercial hacen que <strong>NUEVO CENTRO<\/strong> siga siendo un referente para todos los valencianos.<\/p>\n<p style=\"text-align: justify;\">As\u00ed que, no lo pienses m\u00e1s, y d\u00e9jate llevar por el esp\u00edritu\u00a0primaveral en\u00a0<strong>NUEVO CENTRO<\/strong>!!<\/p>\n","protected":false},"excerpt":{"rendered":"<p>La primavera ha llegado a NUEVO CENTRO, el centro comercial por excelencia de la ciudad de Valencia, a trav\u00e9s de nuestro fant\u00e1stico Circuito de Pym&#8217;s de VSA COMUNICACI\u00d3N en la ciudad de Valencia. La creatividad escogida para este emplazamiento ubicado [&hellip;]<\/p>\n","protected":false},"author":3,"featured_media":7310,"comment_status":"open","ping_status":"open","sticky":false,"template":"","format":"standard","meta":{"inline_featured_image":false,"footnotes":""},"categories":[1593,1640],"tags":[1664,1781,1694,1993,2355,1585,1586,1934,1671,1645],"class_list":["post-12265","post","type-post","status-publish","format-standard","has-post-thumbnail","hentry","category-pyms-en","category-valencia-en","tag-campana-publicitaria-en","tag-circuito-urbano-en","tag-gran-notoriedad-en","tag-nuevo-centro-en","tag-primavera-en","tag-publicidad-exterior-en","tag-publicidad-urbana-en","tag-pyms-valencia-en","tag-trafico-rodado-en","tag-valencia-en"],"_links":{"self":[{"href":"https:\/\/www.vsacomunicacion.com\/en\/wp-json\/wp\/v2\/posts\/12265"}],"collection":[{"href":"https:\/\/www.vsacomunicacion.com\/en\/wp-json\/wp\/v2\/posts"}],"about":[{"href":"https:\/\/www.vsacomunicacion.com\/en\/wp-json\/wp\/v2\/types\/post"}],"author":[{"embeddable":true,"href":"https:\/\/www.vsacomunicacion.com\/en\/wp-json\/wp\/v2\/users\/3"}],"replies":[{"embeddable":true,"href":"https:\/\/www.vsacomunicacion.com\/en\/wp-json\/wp\/v2\/comments?post=12265"}],"version-history":[{"count":0,"href":"https:\/\/www.vsacomunicacion.com\/en\/wp-json\/wp\/v2\/posts\/12265\/revisions"}],"wp:featuredmedia":[{"embeddable":true,"href":"https:\/\/www.vsacomunicacion.com\/en\/wp-json\/wp\/v2\/media\/7310"}],"wp:attachment":[{"href":"https:\/\/www.vsacomunicacion.com\/en\/wp-json\/wp\/v2\/media?parent=12265"}],"wp:term":[{"taxonomy":"category","embeddable":true,"href":"https:\/\/www.vsacomunicacion.com\/en\/wp-json\/wp\/v2\/categories?post=12265"},{"taxonomy":"post_tag","embeddable":true,"href":"https:\/\/www.vsacomunicacion.com\/en\/wp-json\/wp\/v2\/tags?post=12265"}],"curies":[{"name":"wp","href":"https:\/\/api.w.org\/{rel}","templated":true}]}}