{"id":12270,"date":"2016-03-10T08:12:24","date_gmt":"2016-03-10T08:12:24","guid":{"rendered":"https:\/\/www.vsacomunicacion.com\/lona-publicitaria-renault-talisman\/"},"modified":"2016-03-10T08:12:24","modified_gmt":"2016-03-10T08:12:24","slug":"lona-publicitaria-renault-talisman","status":"publish","type":"post","link":"https:\/\/www.vsacomunicacion.com\/en\/lona-publicitaria-renault-talisman\/","title":{"rendered":"Lona Publicitaria RENAULT TALISMAN"},"content":{"rendered":"<p style=\"text-align: justify;\">En <strong>VSA COMUNICACION<\/strong> nos alegra poder contar, unos d\u00edas m\u00e1s, con la presencia de <strong>RENAULT<\/strong> en nuestro emplazamiento\u00a0Premium de la calle\u00a0Balmes con Travesera de Gracia en <strong>Barcelona<\/strong>.<\/p>\n<p style=\"text-align: justify;\">En esta ocasi\u00f3n os presentamos, a trav\u00e9s de esta especular lona publicitaria, <strong>RENAULT TALISMAN<\/strong>, un turismo dise\u00f1ado para que disfrutes de la mejor experiencia de conducci\u00f3n, para que sientas la agilidad y seguridad que te ofrece el sistema de 4 ruedas directrices 4CONTROL.<\/p>\n<p><a href=\"https:\/\/www.vsacomunicacion.com\/wp-content\/uploads\/2016\/03\/lona-publicitaria-barcelona-balmes-206-renault-talisman-vsa-comunicacion.jpg\" rel=\"attachment wp-att-2552\"><img fetchpriority=\"high\" decoding=\"async\" class=\"aligncenter size-full wp-image-2552\" src=\"https:\/\/www.vsacomunicacion.com\/wp-content\/uploads\/2016\/03\/lona-publicitaria-barcelona-balmes-206-renault-talisman-vsa-comunicacion.jpg\" alt=\"lona-publicitaria-barcelona-balmes-206-renault-talisman-vsa-comunicacion\" width=\"2712\" height=\"1810\" \/><\/a><\/p>\n<p style=\"text-align: justify;\">Descubre a trav\u00e9s de su\u00a0conducci\u00f3n, la precisi\u00f3n y las sensaciones del exclusivo sistema 4CONTROL y de la tecnolog\u00eda MULTI-SENSE.<\/p>\n<p style=\"text-align: justify;\">Prep\u00e1rate para sentirlo desde el momento en que te pongas al volante.<\/p>\n<p style=\"text-align: justify;\">RENAULT TALISMAN,\u00a0<em>siente el control.<\/em><\/p>\n","protected":false},"excerpt":{"rendered":"<p>En VSA COMUNICACION nos alegra poder contar, unos d\u00edas m\u00e1s, con la presencia de RENAULT en nuestro emplazamiento\u00a0Premium de la calle\u00a0Balmes con Travesera de Gracia en Barcelona. En esta ocasi\u00f3n os presentamos, a trav\u00e9s de esta especular lona publicitaria, RENAULT [&hellip;]<\/p>\n","protected":false},"author":3,"featured_media":7245,"comment_status":"open","ping_status":"open","sticky":false,"template":"","format":"standard","meta":{"inline_featured_image":false,"footnotes":""},"categories":[1506,1488],"tags":[1704,1516,1664,1706,1708,1581,1585,1599,1737,2356],"class_list":["post-12270","post","type-post","status-publish","format-standard","has-post-thumbnail","hentry","category-barcelona-en","category-lonas-publicitarias-en","tag-alto-prestigio-publicitario-en","tag-barcelona-en","tag-campana-publicitaria-en","tag-emplazamiento-premium-en","tag-formato-espectacular-en","tag-lonas-publicitarias-barcelona-en","tag-publicidad-exterior-en","tag-publicidad-gran-formato-en","tag-renault-en","tag-renault-talisman-en"],"_links":{"self":[{"href":"https:\/\/www.vsacomunicacion.com\/en\/wp-json\/wp\/v2\/posts\/12270"}],"collection":[{"href":"https:\/\/www.vsacomunicacion.com\/en\/wp-json\/wp\/v2\/posts"}],"about":[{"href":"https:\/\/www.vsacomunicacion.com\/en\/wp-json\/wp\/v2\/types\/post"}],"author":[{"embeddable":true,"href":"https:\/\/www.vsacomunicacion.com\/en\/wp-json\/wp\/v2\/users\/3"}],"replies":[{"embeddable":true,"href":"https:\/\/www.vsacomunicacion.com\/en\/wp-json\/wp\/v2\/comments?post=12270"}],"version-history":[{"count":0,"href":"https:\/\/www.vsacomunicacion.com\/en\/wp-json\/wp\/v2\/posts\/12270\/revisions"}],"wp:featuredmedia":[{"embeddable":true,"href":"https:\/\/www.vsacomunicacion.com\/en\/wp-json\/wp\/v2\/media\/7245"}],"wp:attachment":[{"href":"https:\/\/www.vsacomunicacion.com\/en\/wp-json\/wp\/v2\/media?parent=12270"}],"wp:term":[{"taxonomy":"category","embeddable":true,"href":"https:\/\/www.vsacomunicacion.com\/en\/wp-json\/wp\/v2\/categories?post=12270"},{"taxonomy":"post_tag","embeddable":true,"href":"https:\/\/www.vsacomunicacion.com\/en\/wp-json\/wp\/v2\/tags?post=12270"}],"curies":[{"name":"wp","href":"https:\/\/api.w.org\/{rel}","templated":true}]}}