{"id":12286,"date":"2016-01-26T21:53:35","date_gmt":"2016-01-26T21:53:35","guid":{"rendered":"https:\/\/www.vsacomunicacion.com\/opis-y-relojes-campana-unicef-andorra\/"},"modified":"2016-01-26T21:53:35","modified_gmt":"2016-01-26T21:53:35","slug":"opis-y-relojes-campana-unicef-andorra","status":"publish","type":"post","link":"https:\/\/www.vsacomunicacion.com\/en\/opis-y-relojes-campana-unicef-andorra\/","title":{"rendered":"Opis y relojes Campa\u00f1a UNICEF ANDORRA"},"content":{"rendered":"<p style=\"text-align: justify;\">En <strong>VSA COMUNICACION<\/strong> nos preocupa el bienestar social, econ\u00f3mico y medioambiental, es por ello que trabajamos d\u00eda a d\u00eda para gestionar nuestro patrimonio publicitario de forma responsable e intentamos contribuir de manera activa valorando el impacto de nuestras acciones en las comunidades, en los trabajadores y en el medio ambiente. <strong>Responsabilidad Social Corporativa (RSC)<\/strong>.<\/p>\n<p style=\"text-align: justify;\"><a href=\"https:\/\/www.vsacomunicacion.com\/wp-content\/uploads\/2016\/01\/mobiliario-urbano-oppi-reloj-publicidad-exterior-unicef-andorra-rsc-vsa-comunicacion.jpg\" rel=\"attachment wp-att-2715\"><img fetchpriority=\"high\" decoding=\"async\" class=\"aligncenter size-full wp-image-2715\" src=\"https:\/\/www.vsacomunicacion.com\/wp-content\/uploads\/2016\/01\/mobiliario-urbano-oppi-reloj-publicidad-exterior-unicef-andorra-rsc-vsa-comunicacion.jpg\" alt=\"mobiliario-urbano-oppi-reloj-publicidad-exterior-unicef-andorra-rsc-vsa-comunicacion\" width=\"2470\" height=\"1889\" srcset=\"https:\/\/www.vsacomunicacion.com\/wp-content\/uploads\/2016\/01\/mobiliario-urbano-oppi-reloj-publicidad-exterior-unicef-andorra-rsc-vsa-comunicacion.jpg 2470w, https:\/\/www.vsacomunicacion.com\/wp-content\/uploads\/2016\/01\/mobiliario-urbano-oppi-reloj-publicidad-exterior-unicef-andorra-rsc-vsa-comunicacion-300x229.jpg 300w, https:\/\/www.vsacomunicacion.com\/wp-content\/uploads\/2016\/01\/mobiliario-urbano-oppi-reloj-publicidad-exterior-unicef-andorra-rsc-vsa-comunicacion-1024x783.jpg 1024w, https:\/\/www.vsacomunicacion.com\/wp-content\/uploads\/2016\/01\/mobiliario-urbano-oppi-reloj-publicidad-exterior-unicef-andorra-rsc-vsa-comunicacion-768x587.jpg 768w, https:\/\/www.vsacomunicacion.com\/wp-content\/uploads\/2016\/01\/mobiliario-urbano-oppi-reloj-publicidad-exterior-unicef-andorra-rsc-vsa-comunicacion-1536x1175.jpg 1536w\" sizes=\"(max-width: 2470px) 100vw, 2470px\" \/><\/a><\/p>\n<p style=\"text-align: justify;\">En ratificaci\u00f3n a los principios y valores que rigen la pol\u00edtica de <strong>VSA COMUNICACION<\/strong> estamos comprometidos en varias causas sociales e intentamos colaborar, en la medida de lo posible, en campa\u00f1as sociales como la de <strong>UNICEF ANDORRA<\/strong>, <strong><a href=\"https:\/\/twitter.com\/hashtag\/aranopodemparar\" target=\"_blank\" rel=\"noopener\">#AraNoPodemParar<\/a><\/strong>\u00a0que, con esta segunda edici\u00f3n, tienen por objetivo luchar contra la desnutrici\u00f3n ya que\u00a0lamentablemente es a\u00fan\u00a0una de las principales causas de mortalidad infantil.<\/p>\n<p><a href=\"https:\/\/www.vsacomunicacion.com\/wp-content\/uploads\/2016\/06\/mobiliario-urbano-oppi-publicidad-exterior-unicef-andorra-rsc-vsa-comunicacion.jpg\" rel=\"attachment wp-att-2711\"><img decoding=\"async\" class=\"aligncenter size-full wp-image-2711\" src=\"https:\/\/www.vsacomunicacion.com\/wp-content\/uploads\/2016\/06\/mobiliario-urbano-oppi-publicidad-exterior-unicef-andorra-rsc-vsa-comunicacion.jpg\" alt=\"mobiliario-urbano-oppi-publicidad-exterior-unicef-andorra-rsc-vsa-comunicacion\" width=\"2224\" height=\"1783\" srcset=\"https:\/\/www.vsacomunicacion.com\/wp-content\/uploads\/2016\/06\/mobiliario-urbano-oppi-publicidad-exterior-unicef-andorra-rsc-vsa-comunicacion.jpg 2224w, https:\/\/www.vsacomunicacion.com\/wp-content\/uploads\/2016\/06\/mobiliario-urbano-oppi-publicidad-exterior-unicef-andorra-rsc-vsa-comunicacion-300x241.jpg 300w, https:\/\/www.vsacomunicacion.com\/wp-content\/uploads\/2016\/06\/mobiliario-urbano-oppi-publicidad-exterior-unicef-andorra-rsc-vsa-comunicacion-1024x821.jpg 1024w, https:\/\/www.vsacomunicacion.com\/wp-content\/uploads\/2016\/06\/mobiliario-urbano-oppi-publicidad-exterior-unicef-andorra-rsc-vsa-comunicacion-768x616.jpg 768w, https:\/\/www.vsacomunicacion.com\/wp-content\/uploads\/2016\/06\/mobiliario-urbano-oppi-publicidad-exterior-unicef-andorra-rsc-vsa-comunicacion-1536x1231.jpg 1536w\" sizes=\"(max-width: 2224px) 100vw, 2224px\" \/><\/a><\/p>\n<p style=\"text-align: justify;\"><span class=\"_58cl\">\u202aEl objetivo de\u00a0<strong><a href=\"https:\/\/es-es.facebook.com\/hashtag\/aranopodemparar?source=feed_text&amp;story_id=985140328220780\" target=\"_blank\" rel=\"noopener\">#AraNoPodemParar\u00a0<\/a><\/strong>es que ning\u00fan ni\u00f1o muera por causas que podamos evitar. Su objetivo es sensibilizar a la poblaci\u00f3n y movilizar m\u00e1s recursos econ\u00f3micos para impedir que le tendencia descendiente en las cifras de mortalidad infantil se interrumpan o inviertan su curso. Esta campa\u00f1a se inicia con la intenci\u00f3n de pedir a la sociedad andorrana que participe en este nuevo reto a favor de la infancia.<\/span><\/p>\n<p><a href=\"https:\/\/www.vsacomunicacion.com\/wp-content\/uploads\/2016\/06\/mobiliario-urbano-oppi-publicidad-exterior-unicef-andorra-rsc-caldea-vsa-comunicacion.jpg\" rel=\"attachment wp-att-2712\"><img decoding=\"async\" class=\"aligncenter size-full wp-image-2712\" src=\"https:\/\/www.vsacomunicacion.com\/wp-content\/uploads\/2016\/06\/mobiliario-urbano-oppi-publicidad-exterior-unicef-andorra-rsc-caldea-vsa-comunicacion.jpg\" alt=\"mobiliario-urbano-oppi-publicidad-exterior-unicef-andorra-rsc-caldea-vsa-comunicacion\" width=\"2280\" height=\"1874\" srcset=\"https:\/\/www.vsacomunicacion.com\/wp-content\/uploads\/2016\/06\/mobiliario-urbano-oppi-publicidad-exterior-unicef-andorra-rsc-caldea-vsa-comunicacion.jpg 2280w, https:\/\/www.vsacomunicacion.com\/wp-content\/uploads\/2016\/06\/mobiliario-urbano-oppi-publicidad-exterior-unicef-andorra-rsc-caldea-vsa-comunicacion-300x247.jpg 300w, https:\/\/www.vsacomunicacion.com\/wp-content\/uploads\/2016\/06\/mobiliario-urbano-oppi-publicidad-exterior-unicef-andorra-rsc-caldea-vsa-comunicacion-1024x842.jpg 1024w, https:\/\/www.vsacomunicacion.com\/wp-content\/uploads\/2016\/06\/mobiliario-urbano-oppi-publicidad-exterior-unicef-andorra-rsc-caldea-vsa-comunicacion-768x631.jpg 768w, https:\/\/www.vsacomunicacion.com\/wp-content\/uploads\/2016\/06\/mobiliario-urbano-oppi-publicidad-exterior-unicef-andorra-rsc-caldea-vsa-comunicacion-1536x1262.jpg 1536w\" sizes=\"(max-width: 2280px) 100vw, 2280px\" \/><\/a><\/p>\n<p style=\"text-align: justify;\"><span class=\"_58cl\"><strong><a class=\"_58cn\" href=\"https:\/\/es-es.facebook.com\/hashtag\/aranopodemparar?source=feed_text&amp;story_id=985140328220780\" data-ft=\"{&quot;tn&quot;:&quot;*N&quot;,&quot;type&quot;:104}\" target=\"_blank\" rel=\"noopener\">\u202a<\/a>#AraNoPodemParar<\/strong>: Hay ni\u00f1os que no utilizan la arena para jugar sino para comer. 17 millones de ni\u00f1os sufren desnutrici\u00f3n aguada grave por falta de alimentos.<\/span><\/p>\n<p style=\"text-align: justify;\">Enviando UNICEF al 606 podr\u00e1n tratar 1 ni\u00f1o de desnutrici\u00f3n durante 1 d\u00eda (coste del mensaje 0,90\u20ac \u00edntegros para UNICEF).<\/p>\n<p>Pod\u00e9is informaros en su p\u00e1gina web: <strong><a href=\"http:\/\/bit.ly\/1WrDv2r\" target=\"_blank\" rel=\"noopener\">UNICEF<\/a><\/strong><\/p>\n<p>&nbsp;<\/p>\n<p>&nbsp;<\/p>\n","protected":false},"excerpt":{"rendered":"<p>En VSA COMUNICACION nos preocupa el bienestar social, econ\u00f3mico y medioambiental, es por ello que trabajamos d\u00eda a d\u00eda para gestionar nuestro patrimonio publicitario de forma responsable e intentamos contribuir de manera activa valorando el impacto de nuestras acciones en [&hellip;]<\/p>\n","protected":false},"author":3,"featured_media":7279,"comment_status":"open","ping_status":"open","sticky":false,"template":"","format":"standard","meta":{"inline_featured_image":false,"footnotes":""},"categories":[1543,1544],"tags":[2368,1763,1664,1705,2294,2056,2079,1565,1585,2369,2100],"class_list":["post-12286","post","type-post","status-publish","format-standard","has-post-thumbnail","hentry","category-andorra-en","category-mobiliario-urbano-en","tag-aranopodemparar-en","tag-andorra-en","tag-campana-publicitaria-en","tag-centro-ciudad-en","tag-escaldes-engordany-en","tag-mobiliario-urbano-andorra-en","tag-opi-en","tag-publicidad-ciudades-en","tag-publicidad-exterior-en","tag-rsc-en","tag-unicef-en"],"_links":{"self":[{"href":"https:\/\/www.vsacomunicacion.com\/en\/wp-json\/wp\/v2\/posts\/12286"}],"collection":[{"href":"https:\/\/www.vsacomunicacion.com\/en\/wp-json\/wp\/v2\/posts"}],"about":[{"href":"https:\/\/www.vsacomunicacion.com\/en\/wp-json\/wp\/v2\/types\/post"}],"author":[{"embeddable":true,"href":"https:\/\/www.vsacomunicacion.com\/en\/wp-json\/wp\/v2\/users\/3"}],"replies":[{"embeddable":true,"href":"https:\/\/www.vsacomunicacion.com\/en\/wp-json\/wp\/v2\/comments?post=12286"}],"version-history":[{"count":0,"href":"https:\/\/www.vsacomunicacion.com\/en\/wp-json\/wp\/v2\/posts\/12286\/revisions"}],"wp:featuredmedia":[{"embeddable":true,"href":"https:\/\/www.vsacomunicacion.com\/en\/wp-json\/wp\/v2\/media\/7279"}],"wp:attachment":[{"href":"https:\/\/www.vsacomunicacion.com\/en\/wp-json\/wp\/v2\/media?parent=12286"}],"wp:term":[{"taxonomy":"category","embeddable":true,"href":"https:\/\/www.vsacomunicacion.com\/en\/wp-json\/wp\/v2\/categories?post=12286"},{"taxonomy":"post_tag","embeddable":true,"href":"https:\/\/www.vsacomunicacion.com\/en\/wp-json\/wp\/v2\/tags?post=12286"}],"curies":[{"name":"wp","href":"https:\/\/api.w.org\/{rel}","templated":true}]}}