{"id":12294,"date":"2016-01-15T10:04:45","date_gmt":"2016-01-15T10:04:45","guid":{"rendered":"https:\/\/www.vsacomunicacion.com\/nueva-pym-de-bauhaus-en-valencia\/"},"modified":"2016-01-15T10:04:45","modified_gmt":"2016-01-15T10:04:45","slug":"nueva-pym-de-bauhaus-en-valencia","status":"publish","type":"post","link":"https:\/\/www.vsacomunicacion.com\/en\/nueva-pym-de-bauhaus-en-valencia\/","title":{"rendered":"Nueva Pym de BAUHAUS en Valencia"},"content":{"rendered":"<p style=\"text-align: justify;\">En <strong>VSA COMUNICACION<\/strong> hemos incorporado un nuevo emplazamiento al <strong>Circuito de Pym&#8217;s<\/strong> de la ciudad de <strong>Valencia<\/strong> en la calle\u00a0<strong>Llano de Zaid\u00eda<\/strong>,\u00a0en el antiguo cauce del Turia: Avenida Llano de la \u00a0Zaidia y Avenida de Burjassot, con una visibilidad a larga distancia e intenso y continuo tr\u00e1fico rodado.<\/p>\n<p style=\"text-align: justify;\"><strong>BAUHAUS\u00a0<\/strong>ha elegido varios de nuestro emplazamientos para estar presente en las calles de Valencia. Nos alegra que, una vez m\u00e1s, conf\u00ede en <strong>VSA COMUNICACION<\/strong>.<\/p>\n<p style=\"text-align: justify;\"><a href=\"https:\/\/www.vsacomunicacion.com\/wp-content\/uploads\/2016\/03\/pym-valencia-llano-de-zaidia-bauhaus-vsa-comunicacion.jpg\" rel=\"attachment wp-att-2544\"><img fetchpriority=\"high\" decoding=\"async\" class=\"aligncenter size-full wp-image-2544\" src=\"https:\/\/www.vsacomunicacion.com\/wp-content\/uploads\/2016\/03\/pym-valencia-llano-de-zaidia-bauhaus-vsa-comunicacion.jpg\" alt=\"pym-valencia-llano-de-zaidia-bauhaus-vsa-comunicacion\" width=\"3517\" height=\"2310\" \/><\/a><\/p>\n<p style=\"text-align: justify;\">En el centro<strong> BAUHAUS<\/strong> de Valencia encontrar\u00e1s todo lo que necesites para cuidar tu jard\u00edn, llevar a cabo las reformas del ba\u00f1o y la cocina as\u00ed como todos los productos necesarios para los especialistas de la n\u00e1utica y los deportes acu\u00e1ticos. Recuerda que, adem\u00e1s, disponen del servicio Drive-In, para que entres directamente con tu veh\u00edculo hasta la estanter\u00eda y cargues la mercanc\u00eda que necesites.<\/p>\n<p style=\"text-align: justify;\">\n","protected":false},"excerpt":{"rendered":"<p>En VSA COMUNICACION hemos incorporado un nuevo emplazamiento al Circuito de Pym&#8217;s de la ciudad de Valencia en la calle\u00a0Llano de Zaid\u00eda,\u00a0en el antiguo cauce del Turia: Avenida Llano de la \u00a0Zaidia y Avenida de Burjassot, con una visibilidad a [&hellip;]<\/p>\n","protected":false},"author":3,"featured_media":7242,"comment_status":"open","ping_status":"open","sticky":false,"template":"","format":"standard","meta":{"inline_featured_image":false,"footnotes":""},"categories":[1593,1640],"tags":[2373,1694,1585,1586,1934,1671],"class_list":["post-12294","post","type-post","status-publish","format-standard","has-post-thumbnail","hentry","category-pyms-en","category-valencia-en","tag-bauhaus-en","tag-gran-notoriedad-en","tag-publicidad-exterior-en","tag-publicidad-urbana-en","tag-pyms-valencia-en","tag-trafico-rodado-en"],"_links":{"self":[{"href":"https:\/\/www.vsacomunicacion.com\/en\/wp-json\/wp\/v2\/posts\/12294"}],"collection":[{"href":"https:\/\/www.vsacomunicacion.com\/en\/wp-json\/wp\/v2\/posts"}],"about":[{"href":"https:\/\/www.vsacomunicacion.com\/en\/wp-json\/wp\/v2\/types\/post"}],"author":[{"embeddable":true,"href":"https:\/\/www.vsacomunicacion.com\/en\/wp-json\/wp\/v2\/users\/3"}],"replies":[{"embeddable":true,"href":"https:\/\/www.vsacomunicacion.com\/en\/wp-json\/wp\/v2\/comments?post=12294"}],"version-history":[{"count":0,"href":"https:\/\/www.vsacomunicacion.com\/en\/wp-json\/wp\/v2\/posts\/12294\/revisions"}],"wp:featuredmedia":[{"embeddable":true,"href":"https:\/\/www.vsacomunicacion.com\/en\/wp-json\/wp\/v2\/media\/7242"}],"wp:attachment":[{"href":"https:\/\/www.vsacomunicacion.com\/en\/wp-json\/wp\/v2\/media?parent=12294"}],"wp:term":[{"taxonomy":"category","embeddable":true,"href":"https:\/\/www.vsacomunicacion.com\/en\/wp-json\/wp\/v2\/categories?post=12294"},{"taxonomy":"post_tag","embeddable":true,"href":"https:\/\/www.vsacomunicacion.com\/en\/wp-json\/wp\/v2\/tags?post=12294"}],"curies":[{"name":"wp","href":"https:\/\/api.w.org\/{rel}","templated":true}]}}