{"id":12295,"date":"2015-12-31T00:05:16","date_gmt":"2015-12-31T00:05:16","guid":{"rendered":"https:\/\/www.vsacomunicacion.com\/lona-publicitaria-mahou-en-la-calle-serrano\/"},"modified":"2015-12-31T00:05:16","modified_gmt":"2015-12-31T00:05:16","slug":"lona-publicitaria-mahou-en-la-calle-serrano","status":"publish","type":"post","link":"https:\/\/www.vsacomunicacion.com\/en\/lona-publicitaria-mahou-en-la-calle-serrano\/","title":{"rendered":"Lona Publicitaria MAHOU en la calle Serrano"},"content":{"rendered":"<p style=\"text-align: justify;\">En <strong>VSA COMUNICACION<\/strong> nos encanta celebrar junto a <strong>MAHOU<\/strong> su\u00a0<strong>125 aniversario\u00a0<\/strong>con la fant\u00e1stica lona publicitaria ubicada en nuestro emplazamiento de la calle Serrano.<\/p>\n<p style=\"text-align: justify;\"><a href=\"https:\/\/www.vsacomunicacion.com\/wp-content\/uploads\/2015\/12\/lona-publicitaria-madrid-mahou-serrano-8-lateral-vsa-comunicacion.jpg\" rel=\"attachment wp-att-2471\"><img fetchpriority=\"high\" decoding=\"async\" class=\"aligncenter size-full wp-image-2471\" src=\"https:\/\/www.vsacomunicacion.com\/wp-content\/uploads\/2015\/12\/lona-publicitaria-madrid-mahou-serrano-8-lateral-vsa-comunicacion.jpg\" alt=\"lona-publicitaria-madrid-mahou-serrano-8-lateral-vsa-comunicacion\" width=\"4097\" height=\"3173\" \/><\/a><\/p>\n<p style=\"text-align: justify;\"><strong>MAHOU<\/strong> cumple\u00a0125 a\u00f1os compartiendo el mejor sabor contigo, compartiendo las mejores experiencias juntos, saboreando cada momento y haciendo historia junto a\u00a0su ciudad natal.<\/p>\n<p style=\"text-align: justify;\"><!--more--><\/p>\n<p style=\"text-align: justify;\"><a href=\"https:\/\/www.vsacomunicacion.com\/wp-content\/uploads\/2015\/12\/lona-publicitaria-madrid-mahou-serrano-8-frontal-vsa-comunicacion.jpg\" rel=\"attachment wp-att-2473\"><img decoding=\"async\" class=\"aligncenter size-full wp-image-2473\" src=\"https:\/\/www.vsacomunicacion.com\/wp-content\/uploads\/2015\/12\/lona-publicitaria-madrid-mahou-serrano-8-frontal-vsa-comunicacion.jpg\" alt=\"lona-publicitaria-madrid-mahou-serrano-8-frontal-vsa-comunicacion\" width=\"3403\" height=\"2192\" \/><\/a><\/p>\n<p style=\"text-align: justify;\">Por eso quieren\u00a0celebrarlo aqu\u00ed y ahora y qu\u00e9 mejor forma de hacerlo que celebr\u00e1ndolo con vosotros, en vuestra ciudad,\u00a0en\u00a0pleno barrio de Salamanca, el barrio que los vio nacer y en el que se ubic\u00f3 su primera\u00a0f\u00e1brica\u00a0en\u00a01890, convertida hoy en el Museo ABC de Ilustraci\u00f3n.<\/p>\n<p style=\"text-align: justify;\"><strong><em>MADRID SABE A MAHOU!!<\/em><\/strong><\/p>\n","protected":false},"excerpt":{"rendered":"<p>En VSA COMUNICACION nos encanta celebrar junto a MAHOU su\u00a0125 aniversario\u00a0con la fant\u00e1stica lona publicitaria ubicada en nuestro emplazamiento de la calle Serrano. MAHOU cumple\u00a0125 a\u00f1os compartiendo el mejor sabor contigo, compartiendo las mejores experiencias juntos, saboreando cada momento y [&hellip;]<\/p>\n","protected":false},"author":3,"featured_media":7235,"comment_status":"open","ping_status":"open","sticky":false,"template":"","format":"standard","meta":{"inline_featured_image":false,"footnotes":""},"categories":[1488,1489],"tags":[2374,2375,1704,1705,1611,1499,1820,1585],"class_list":["post-12295","post","type-post","status-publish","format-standard","has-post-thumbnail","hentry","category-lonas-publicitarias-en","category-madrid-en","tag-soymuydemahou-en","tag-125-aniversario-en","tag-alto-prestigio-publicitario-en","tag-centro-ciudad-en","tag-lonas-publicitarias-madrid-en","tag-madrid-en","tag-mahou-en","tag-publicidad-exterior-en"],"_links":{"self":[{"href":"https:\/\/www.vsacomunicacion.com\/en\/wp-json\/wp\/v2\/posts\/12295"}],"collection":[{"href":"https:\/\/www.vsacomunicacion.com\/en\/wp-json\/wp\/v2\/posts"}],"about":[{"href":"https:\/\/www.vsacomunicacion.com\/en\/wp-json\/wp\/v2\/types\/post"}],"author":[{"embeddable":true,"href":"https:\/\/www.vsacomunicacion.com\/en\/wp-json\/wp\/v2\/users\/3"}],"replies":[{"embeddable":true,"href":"https:\/\/www.vsacomunicacion.com\/en\/wp-json\/wp\/v2\/comments?post=12295"}],"version-history":[{"count":0,"href":"https:\/\/www.vsacomunicacion.com\/en\/wp-json\/wp\/v2\/posts\/12295\/revisions"}],"wp:featuredmedia":[{"embeddable":true,"href":"https:\/\/www.vsacomunicacion.com\/en\/wp-json\/wp\/v2\/media\/7235"}],"wp:attachment":[{"href":"https:\/\/www.vsacomunicacion.com\/en\/wp-json\/wp\/v2\/media?parent=12295"}],"wp:term":[{"taxonomy":"category","embeddable":true,"href":"https:\/\/www.vsacomunicacion.com\/en\/wp-json\/wp\/v2\/categories?post=12295"},{"taxonomy":"post_tag","embeddable":true,"href":"https:\/\/www.vsacomunicacion.com\/en\/wp-json\/wp\/v2\/tags?post=12295"}],"curies":[{"name":"wp","href":"https:\/\/api.w.org\/{rel}","templated":true}]}}