{"id":12299,"date":"2015-12-17T11:38:04","date_gmt":"2015-12-17T11:38:04","guid":{"rendered":"https:\/\/www.vsacomunicacion.com\/lona-publicitaria-adolfo-dominguez-en-la-gran-via-de-madrid\/"},"modified":"2015-12-17T11:38:04","modified_gmt":"2015-12-17T11:38:04","slug":"lona-publicitaria-adolfo-dominguez-en-la-gran-via-de-madrid","status":"publish","type":"post","link":"https:\/\/www.vsacomunicacion.com\/en\/lona-publicitaria-adolfo-dominguez-en-la-gran-via-de-madrid\/","title":{"rendered":"Lona Publicitaria ADOLFO DOMINGUEZ en la Gran V\u00eda de Madrid"},"content":{"rendered":"<p>&nbsp;<\/p>\n<p style=\"text-align: justify;\">Descubre a trav\u00e9s de la <strong>lona publicitaria<\/strong> de <strong>VSA COMUNICACION<\/strong> en la Gran V\u00eda de <strong>Madrid<\/strong> la nueva fragancia masculina de Adolfo Dom\u00ednguez, <strong>AGUA FRESCA EXTREME<\/strong>.<\/p>\n<p style=\"text-align: justify;\"><a href=\"https:\/\/www.vsacomunicacion.com\/wp-content\/uploads\/2016\/01\/lona-publicitaria-madrid-gran-via-66-adolfo-dominguez-puig-vsa-comunicacion.jpg\" rel=\"attachment wp-att-2288\"><img fetchpriority=\"high\" decoding=\"async\" class=\"aligncenter size-full wp-image-2288\" src=\"https:\/\/www.vsacomunicacion.com\/wp-content\/uploads\/2016\/01\/lona-publicitaria-madrid-gran-via-66-adolfo-dominguez-puig-vsa-comunicacion.jpg\" alt=\"lona-publicitaria-madrid-gran-via-66-adolfo-dominguez-puig-vsa-comunicacion\" width=\"3297\" height=\"3095\" \/><\/a><\/p>\n<p style=\"text-align: justify;\"><strong>Adolfo Dom\u00ednguez<\/strong> se ha inspirado en un hombre valiente, decidido, atrevido, aventurero\u00a0para crear su nuevo perfume masculino,\u00a0<strong>Agua Fresca Extreme<\/strong>, un aroma pensado para transmitir sensaciones \u00fanicas, para los hombre que se atrevan a entrar en un territorio desconocido.<\/p>\n<p style=\"text-align: justify;\">La fuerza, la energ\u00eda y un toque de misterio son los protagonistas de esta nueva versi\u00f3n de Agua Fresca lanzada en 1993.<\/p>\n<div class=\"side-content\" style=\"text-align: justify;\">\n<div class=\"post\">\n<p><em>\u00bfTe apuntas a la aventura de descubrirla?<\/em><\/p>\n<\/div>\n<\/div>\n","protected":false},"excerpt":{"rendered":"<p>&nbsp; Descubre a trav\u00e9s de la lona publicitaria de VSA COMUNICACION en la Gran V\u00eda de Madrid la nueva fragancia masculina de Adolfo Dom\u00ednguez, AGUA FRESCA EXTREME. Adolfo Dom\u00ednguez se ha inspirado en un hombre valiente, decidido, atrevido, aventurero\u00a0para crear [&hellip;]<\/p>\n","protected":false},"author":3,"featured_media":7226,"comment_status":"open","ping_status":"open","sticky":false,"template":"","format":"standard","meta":{"inline_featured_image":false,"footnotes":""},"categories":[1488,1489],"tags":[2378,2379,1705,1611,1499,1585,1671],"class_list":["post-12299","post","type-post","status-publish","format-standard","has-post-thumbnail","hentry","category-lonas-publicitarias-en","category-madrid-en","tag-adolfo-dominguez-en","tag-agua-fresca-extreme-en","tag-centro-ciudad-en","tag-lonas-publicitarias-madrid-en","tag-madrid-en","tag-publicidad-exterior-en","tag-trafico-rodado-en"],"_links":{"self":[{"href":"https:\/\/www.vsacomunicacion.com\/en\/wp-json\/wp\/v2\/posts\/12299"}],"collection":[{"href":"https:\/\/www.vsacomunicacion.com\/en\/wp-json\/wp\/v2\/posts"}],"about":[{"href":"https:\/\/www.vsacomunicacion.com\/en\/wp-json\/wp\/v2\/types\/post"}],"author":[{"embeddable":true,"href":"https:\/\/www.vsacomunicacion.com\/en\/wp-json\/wp\/v2\/users\/3"}],"replies":[{"embeddable":true,"href":"https:\/\/www.vsacomunicacion.com\/en\/wp-json\/wp\/v2\/comments?post=12299"}],"version-history":[{"count":0,"href":"https:\/\/www.vsacomunicacion.com\/en\/wp-json\/wp\/v2\/posts\/12299\/revisions"}],"wp:featuredmedia":[{"embeddable":true,"href":"https:\/\/www.vsacomunicacion.com\/en\/wp-json\/wp\/v2\/media\/7226"}],"wp:attachment":[{"href":"https:\/\/www.vsacomunicacion.com\/en\/wp-json\/wp\/v2\/media?parent=12299"}],"wp:term":[{"taxonomy":"category","embeddable":true,"href":"https:\/\/www.vsacomunicacion.com\/en\/wp-json\/wp\/v2\/categories?post=12299"},{"taxonomy":"post_tag","embeddable":true,"href":"https:\/\/www.vsacomunicacion.com\/en\/wp-json\/wp\/v2\/tags?post=12299"}],"curies":[{"name":"wp","href":"https:\/\/api.w.org\/{rel}","templated":true}]}}